{"id":207193,"date":"2026-06-18T08:18:39","date_gmt":"2026-06-18T08:18:39","guid":{"rendered":"https:\/\/www.europesays.com\/ee\/207193\/"},"modified":"2026-06-18T08:18:39","modified_gmt":"2026-06-18T08:18:39","slug":"fbi-nurjas-plaani-runnata-valge-maja-ees-peetud-vabavoitlus-uritust-valismaa","status":"publish","type":"post","link":"https:\/\/www.europesays.com\/ee\/207193\/","title":{"rendered":"FBI nurjas plaani r\u00fcnnata Valge Maja ees peetud vabav\u00f5itlus \u00fcritust | V\u00e4lismaa"},"content":{"rendered":"<p>USA F\u00f6deraalne Juurdlusb\u00fcroo (FBI) teatas teisip\u00e4eval, et nurjas n\u00e4dalavahetusel Valge Maja hoovis toimunud vabav\u00f5itlus\u00fcrituse vastu kavandatud terrorir\u00fcnnaku. Avalikustatud kohtudokumentide kohaselt v\u00f5eti vahi alla viis inimest.<\/p>\n<p>V\u00e4idetavalt n\u00e4gi plaan ette kasutada l\u00f5hkeainega varustatud droone Valge Maja p\u00f5hjak\u00fcljel toimunud \u00fcrituse r\u00fcndamiseks, eesm\u00e4rgiga suunata Ultimate Fighting Championshipi (UFC) vaatama kogunenud inimesed v\u00e4ljap\u00e4\u00e4su poole, kus snaiprid kavatsesid p\u00f5genevate poliitikute ja teiste osalejate pihta tule avada. \u00dcritus m\u00f6\u00f6dus siiski ilma vahejuhtumiteta.<\/p>\n<p>\u00dcritusel osales ka selle korraldamise algatanud president Donald Trump, kes samal p\u00e4eval t\u00e4histas ka oma 80. s\u00fcnnip\u00e4eval. Kohal olid ka mitmed k\u00f5rged vabariiklastest seadusandjad, suurannetajad ja administratsiooni ametnikud. \u00dcritusega m\u00e4rgiti ka Ameerika \u00dchendriikide iseseisvuse 250. aastap\u00e4eva.<\/p>\n<p>Kohtudokumentide j\u00e4rgi pooldasid s\u00fc\u00fcdistatavad valitsusvastaseid vanden\u00f5uteooriaid ning neid ajendas osaliselt viha selle \u00fcle, kuidas ametiv\u00f5imud on k\u00e4sitlenud seksuaalkurjategija Jeffrey Epsteini juhtumiga seotud uurimismaterjale.<\/p>\n<p>Dokumentides m\u00e4rgitakse ka, et \u00fcks s\u00fc\u00fcdistatavatest oli huvitatud nende seadusandjate sihikule v\u00f5tmisest, kes olid saanud valimiskampaania annetusi Iisraeli-meelsetelt organisatsioonidelt.<\/p>\n<p>&#8220;10. juunil said FBI ja meie \u00f5iguskaitsepartnerid teada v\u00f5imalikust ohust Washingtonis toimuvale UFC America 250 \u00fcritusele, mis oli seotud isikutega v\u00e4ljaspool pealinnapiirkonda,&#8221; \u00fctles FBI direktor Kash Patel sotsiaalmeediaplatvormil X avaldatud avalduses.<\/p>\n<p>V\u00e4hemalt kolmele viiest kinnipeetust on esitatud s\u00fc\u00fcdistus m\u00f5rva toimepanemise vanden\u00f5us. Lisaks s\u00fc\u00fcdistatakse neid muu hulgas vanden\u00f5us korraldada kuritegu Ameerika \u00dchendriikide vastu ning relvaseaduste rikkumises.<\/p>\n<p>S\u00fc\u00fcdistatavad ei ole kohtus veel oma s\u00fc\u00fcd tunnistanud ega eitanud ning nende kaitsjate kohta polnud esialgu teavet.<\/p>\n<p>Meediakanali Fox News Digital andmetel v\u00f5is r\u00fchmitusse kuuluda koguni 23 inimest.<\/p>\n<p>V\u00f5imud avastasid v\u00e4idetava plaani p\u00e4rast seda, kui \u00fche kahtlusaluse, 19-aastase Tycen Properi ema p\u00f6\u00f6rdus Ohio kohaliku politsei poole. Ta teatas, et poeg oli ostnud mitmeid relvi ja suhelnud internetis murettekitavate inimestega. FBI vandetunnistuse kohaselt tunnistas Proper hiljem agentidele, et teadis UFC \u00fcrituse vastu kavandatavast koordineeritud r\u00fcnnakust.<\/p>\n<p>Trump \u00fctles Prantsusmaal Evianis toimunud G7 tippkohtumisel, et ei olnud v\u00e4idetavast r\u00fcnnakuplaanist kuulnud.<\/p>\n<p>Asepresident J. D. Vance m\u00e4rkis, et ametiv\u00f5imud uurivad v\u00f5rgustikke, mis v\u00f5iksid sellist v\u00e4givalda toetada.<\/p>\n<p>&#8220;23 inimest ei j\u00f5ua massilise terrorir\u00fcnnaku kavandamiseni Washingtonis ilma m\u00e4rkimisv\u00e4\u00e4rse rahastuse ja t\u00f5sise koordineerimiseta,&#8221; \u00fctles Vance intervjuus Fox Newsile. &#8220;See ei ole lihtsalt m\u00f5ne inimese hullumeelne tegevus \u2013 see on koordineeritud ja ette kavandatud terrorir\u00fcnnak,&#8221; lisas ta.<\/p>\n","protected":false},"excerpt":{"rendered":"USA F\u00f6deraalne Juurdlusb\u00fcroo (FBI) teatas teisip\u00e4eval, et nurjas n\u00e4dalavahetusel Valge Maja hoovis toimunud vabav\u00f5itlus\u00fcrituse vastu kavandatud terrorir\u00fcnnaku. Avalikustatud&hellip;\n","protected":false},"author":2,"featured_media":207194,"comment_status":"","ping_status":"","sticky":false,"template":"","format":"standard","meta":{"footnotes":"","_share_on_mastodon":"0"},"categories":[80],"tags":[26,27,37,33,35,34,36,1899,31,32,21,28,29,84696,95,19,25,84695,23,24,8056,22,20,1900,30,92,93,94],"class_list":["post-207193","post","type-post","status-publish","format-standard","has-post-thumbnail","category-maailm","tag-breaking-news","tag-breakingnews","tag-ee","tag-eesti","tag-eesti-keel","tag-estonia","tag-estonian","tag-fbi","tag-featured-news","tag-featurednews","tag-headlines","tag-latest-news","tag-latestnews","tag-maadlusetendus","tag-maailm","tag-news","tag-populaarseimad-lood","tag-terrorikahtlus","tag-top-stories","tag-topstories","tag-ufc","tag-uldised-uudised","tag-uudised","tag-valge-maja","tag-viimased-uudised","tag-world","tag-world-news","tag-worldnews"],"share_on_mastodon":{"url":"https:\/\/pubeurope.com\/@ee\/116770131586099781","error":""},"_links":{"self":[{"href":"https:\/\/www.europesays.com\/ee\/wp-json\/wp\/v2\/posts\/207193","targetHints":{"allow":["GET"]}}],"collection":[{"href":"https:\/\/www.europesays.com\/ee\/wp-json\/wp\/v2\/posts"}],"about":[{"href":"https:\/\/www.europesays.com\/ee\/wp-json\/wp\/v2\/types\/post"}],"author":[{"embeddable":true,"href":"https:\/\/www.europesays.com\/ee\/wp-json\/wp\/v2\/users\/2"}],"replies":[{"embeddable":true,"href":"https:\/\/www.europesays.com\/ee\/wp-json\/wp\/v2\/comments?post=207193"}],"version-history":[{"count":0,"href":"https:\/\/www.europesays.com\/ee\/wp-json\/wp\/v2\/posts\/207193\/revisions"}],"wp:featuredmedia":[{"embeddable":true,"href":"https:\/\/www.europesays.com\/ee\/wp-json\/wp\/v2\/media\/207194"}],"wp:attachment":[{"href":"https:\/\/www.europesays.com\/ee\/wp-json\/wp\/v2\/media?parent=207193"}],"wp:term":[{"taxonomy":"category","embeddable":true,"href":"https:\/\/www.europesays.com\/ee\/wp-json\/wp\/v2\/categories?post=207193"},{"taxonomy":"post_tag","embeddable":true,"href":"https:\/\/www.europesays.com\/ee\/wp-json\/wp\/v2\/tags?post=207193"}],"curies":[{"name":"wp","href":"https:\/\/api.w.org\/{rel}","templated":true}]}}