{"id":207212,"date":"2026-06-18T08:38:13","date_gmt":"2026-06-18T08:38:13","guid":{"rendered":"https:\/\/www.europesays.com\/ee\/207212\/"},"modified":"2026-06-18T08:38:13","modified_gmt":"2026-06-18T08:38:13","slug":"thierry-henry-kritiseeris-isekat-ronaldot-voistkond-peab-skoorima-mitte-tingimata-sina","status":"publish","type":"post","link":"https:\/\/www.europesays.com\/ee\/207212\/","title":{"rendered":"Thierry Henry kritiseeris isekat Ronaldot: v\u00f5istkond peab skoorima, mitte tingimata sina"},"content":{"rendered":"<p>41-aastane Ronaldo pole skoorinud k\u00fcmnes j\u00e4rjestikuses suurturniiri m\u00e4ngus. MM-il Fox Sportsi eksperdina ametis olev Henry t\u00f5stis esile 68. minuti Portugali r\u00fcnnakut, kus Ronaldo l\u00f5ikas vahelt Francisco Concei\u00e7\u00e3o s\u00f6\u00f6du, selle asemel, et pall j\u00e4tta Bruno Fernandesile, kes oli paremal positsioonil.<\/p>\n<p>Ronaldo l\u00f5i ise peale, kuid \u00fcritus l\u00e4ks v\u00e4ravast selgelt m\u00f6\u00f6da.<\/p>\n<p><img decoding=\"async\" src=\"https:\/\/www.europesays.com\/ee\/wp-content\/uploads\/2026\/06\/1dcf0cbe-d31f-426d-8d78-5e91c2ed7045.jpg\" loading=\"lazy\" alt=\"Thierry Henry.\"\/><\/p>\n<p>\u201e\u00dchte asja tuleb silmas pidada &#8211; v\u00f5istkond peab skoorima, mitte tingimata sina. Kuna Ronaldo tahtis ise v\u00e4ravat l\u00fc\u00fca, liikus ta Fernandesile ette. Ronaldo l\u00f6\u00f6ki oli lihtsam kaitsta,\u201c r\u00e4\u00e4kis Henry p\u00e4rast m\u00e4ngu.<\/p>\n<p>Ronaldo oli suurema osa Houstonis peetud kohtumisest n\u00e4htamatu. Ta tegi 25 pallipuudet, mida oli t\u00e4ism\u00e4ngu kirja saanud portugallastest k\u00f5ige v\u00e4hem. <\/p>\n<p>Portugali peatreener <a rel=\"noopener nofollow\" target=\"_blank\" href=\"https:\/\/www.delfi.ee\/teema\/73628517\/roberto-martinez\" tag-id=\"73628517\">Roberto Martinez<\/a> kaitses pressikonverentsil otsust Ronaldot mitte v\u00e4lja vahetada nii: \u201eM\u00e4ngus, kus on vaja v\u00e4ravat, pole mingit m\u00f5tet maailma jalgpalli parimat v\u00e4raval\u00f6\u00f6jat v\u00e4lja v\u00f5tta.\u201c<\/p>\n<p>L\u00fchikese kommentaari m\u00e4ngule andis ka Ronaldo ise: \u201eMis meil puudu j\u00e4i? Midagi ei j\u00e4\u00e4nud. See on jalgpall. Portugal oleks v\u00f5inud v\u00f5ita, aga ka kaotada. K\u00f5ik variandid olid \u00f5hus.\u201c<\/p>\n<p>MM-i K-alagruppi asus juhtima Kolumbia, kes alistas 3:1 Usbekistani. Portugali j\u00e4rgmine m\u00e4ng on 23. juunil Usbekistani vastu.<\/p>\n<p>Kuidas see lugu Sind end tundma pani? Saada <a href=\"https:\/\/sport.delfi.ee\/artikkel\/120591773\/thierry-henry-kritiseeris-isekat-ronaldot-voistkond-peab-skoorima-mitte-tingimata-sina\/kommentaarid\" class=\"article-body-bottom__comment article-body-bottom__comment--write button button--primary button--size-auto\" rel=\"nofollow noopener\" target=\"_blank\"> Kommenteeri <\/a><a href=\"https:\/\/sport.delfi.ee\/artikkel\/120591773\/thierry-henry-kritiseeris-isekat-ronaldot-voistkond-peab-skoorima-mitte-tingimata-sina\/kommentaarid\" class=\"article-body-bottom__comment article-body-bottom__comment--read button button--size-auto\" rel=\"nofollow noopener\" target=\"_blank\"> Loe kommentaare (14)<\/a><\/p>\n","protected":false},"excerpt":{"rendered":"41-aastane Ronaldo pole skoorinud k\u00fcmnes j\u00e4rjestikuses suurturniiri m\u00e4ngus. MM-il Fox Sportsi eksperdina ametis olev Henry t\u00f5stis esile 68.&hellip;\n","protected":false},"author":2,"featured_media":207213,"comment_status":"","ping_status":"","sticky":false,"template":"","format":"standard","meta":{"footnotes":"","_share_on_mastodon":"0"},"categories":[18],"tags":[3887,37,33,35,34,36,7036,10716,54108,159,158,54210],"class_list":["post-207212","post","type-post","status-publish","format-standard","has-post-thumbnail","category-sport","tag-cristiano-ronaldo","tag-ee","tag-eesti","tag-eesti-keel","tag-estonia","tag-estonian","tag-jalgpalli-mm","tag-portugali-jalgpallikoondis","tag-roberto-martinez","tag-sport","tag-sports","tag-thierry-henry"],"share_on_mastodon":{"url":"https:\/\/pubeurope.com\/@ee\/116770210266317275","error":""},"_links":{"self":[{"href":"https:\/\/www.europesays.com\/ee\/wp-json\/wp\/v2\/posts\/207212","targetHints":{"allow":["GET"]}}],"collection":[{"href":"https:\/\/www.europesays.com\/ee\/wp-json\/wp\/v2\/posts"}],"about":[{"href":"https:\/\/www.europesays.com\/ee\/wp-json\/wp\/v2\/types\/post"}],"author":[{"embeddable":true,"href":"https:\/\/www.europesays.com\/ee\/wp-json\/wp\/v2\/users\/2"}],"replies":[{"embeddable":true,"href":"https:\/\/www.europesays.com\/ee\/wp-json\/wp\/v2\/comments?post=207212"}],"version-history":[{"count":0,"href":"https:\/\/www.europesays.com\/ee\/wp-json\/wp\/v2\/posts\/207212\/revisions"}],"wp:featuredmedia":[{"embeddable":true,"href":"https:\/\/www.europesays.com\/ee\/wp-json\/wp\/v2\/media\/207213"}],"wp:attachment":[{"href":"https:\/\/www.europesays.com\/ee\/wp-json\/wp\/v2\/media?parent=207212"}],"wp:term":[{"taxonomy":"category","embeddable":true,"href":"https:\/\/www.europesays.com\/ee\/wp-json\/wp\/v2\/categories?post=207212"},{"taxonomy":"post_tag","embeddable":true,"href":"https:\/\/www.europesays.com\/ee\/wp-json\/wp\/v2\/tags?post=207212"}],"curies":[{"name":"wp","href":"https:\/\/api.w.org\/{rel}","templated":true}]}}