{"id":207226,"date":"2026-06-18T08:52:20","date_gmt":"2026-06-18T08:52:20","guid":{"rendered":"https:\/\/www.europesays.com\/ee\/207226\/"},"modified":"2026-06-18T08:52:20","modified_gmt":"2026-06-18T08:52:20","slug":"kalamajast-on-saanud-tallinna-kalleim-piirkond-pered-kolivad-linnast-valja","status":"publish","type":"post","link":"https:\/\/www.europesays.com\/ee\/207226\/","title":{"rendered":"Kalamajast on saanud Tallinna kalleim piirkond: pered kolivad linnast v\u00e4lja"},"content":{"rendered":"<p>Viimase aasta jooksul on Kalamaja korterite ruutmeetri mediaanhinnad k\u00f5ikunud kuust-kuusse peamiselt 4000-5000 euro vahel. Nelja viimase kvartali keskmine ruutmeetri hind oli 4752 eurot. Samal ajal oli Kadriorus vastav n\u00e4itaja 3950 eurot, vanalinnas 4018 eurot ning Tallinna keskmine 2922 eurot. K\u00f5rgem oli hinnatase vaid v\u00e4ikeses Pirita all-asumis, kuid selle tulemust m\u00f5jutasid kaks uusarendust.<\/p>\n","protected":false},"excerpt":{"rendered":"Viimase aasta jooksul on Kalamaja korterite ruutmeetri mediaanhinnad k\u00f5ikunud kuust-kuusse peamiselt 4000-5000 euro vahel. Nelja viimase kvartali keskmine&hellip;\n","protected":false},"author":2,"featured_media":207227,"comment_status":"","ping_status":"","sticky":false,"template":"","format":"standard","meta":{"footnotes":"","_share_on_mastodon":"0"},"categories":[12],"tags":[3427,26,27,37,33,35,1644,34,36,31,32,21,691,2670,6678,28,29,6679,3900,19,25,1440,6681,6684,6683,23,24,22,20,6680,30,6682],"class_list":["post-207226","post","type-post","status-publish","format-standard","has-post-thumbnail","category-eesti","tag-aed","tag-breaking-news","tag-breakingnews","tag-ee","tag-eesti","tag-eesti-keel","tag-ehitus","tag-estonia","tag-estonian","tag-featured-news","tag-featurednews","tag-headlines","tag-kinnisvara","tag-kodu","tag-korter","tag-latest-news","tag-latestnews","tag-maja","tag-muuk","tag-news","tag-populaarseimad-lood","tag-remont","tag-rent","tag-sisekujundus","tag-sisustus","tag-top-stories","tag-topstories","tag-uldised-uudised","tag-uudised","tag-uur","tag-viimased-uudised","tag-viimistlus"],"share_on_mastodon":{"url":"https:\/\/pubeurope.com\/@ee\/116770265199183110","error":""},"_links":{"self":[{"href":"https:\/\/www.europesays.com\/ee\/wp-json\/wp\/v2\/posts\/207226","targetHints":{"allow":["GET"]}}],"collection":[{"href":"https:\/\/www.europesays.com\/ee\/wp-json\/wp\/v2\/posts"}],"about":[{"href":"https:\/\/www.europesays.com\/ee\/wp-json\/wp\/v2\/types\/post"}],"author":[{"embeddable":true,"href":"https:\/\/www.europesays.com\/ee\/wp-json\/wp\/v2\/users\/2"}],"replies":[{"embeddable":true,"href":"https:\/\/www.europesays.com\/ee\/wp-json\/wp\/v2\/comments?post=207226"}],"version-history":[{"count":0,"href":"https:\/\/www.europesays.com\/ee\/wp-json\/wp\/v2\/posts\/207226\/revisions"}],"wp:featuredmedia":[{"embeddable":true,"href":"https:\/\/www.europesays.com\/ee\/wp-json\/wp\/v2\/media\/207227"}],"wp:attachment":[{"href":"https:\/\/www.europesays.com\/ee\/wp-json\/wp\/v2\/media?parent=207226"}],"wp:term":[{"taxonomy":"category","embeddable":true,"href":"https:\/\/www.europesays.com\/ee\/wp-json\/wp\/v2\/categories?post=207226"},{"taxonomy":"post_tag","embeddable":true,"href":"https:\/\/www.europesays.com\/ee\/wp-json\/wp\/v2\/tags?post=207226"}],"curies":[{"name":"wp","href":"https:\/\/api.w.org\/{rel}","templated":true}]}}