{"id":207429,"date":"2026-06-18T12:20:14","date_gmt":"2026-06-18T12:20:14","guid":{"rendered":"https:\/\/www.europesays.com\/ee\/207429\/"},"modified":"2026-06-18T12:20:14","modified_gmt":"2026-06-18T12:20:14","slug":"kas-promise-david-toestas-end-algkoosseisu-vaarilisena-soccernet-ee","status":"publish","type":"post","link":"https:\/\/www.europesays.com\/ee\/207429\/","title":{"rendered":"Kas Promise David t\u00f5estas end algkoosseisu v\u00e4\u00e4rilisena? &#8211; Soccernet.ee"},"content":{"rendered":"<p><img decoding=\"async\" src=\"https:\/\/www.europesays.com\/ee\/wp-content\/uploads\/2026\/06\/1781771776.jpg\" alt=\"Promise David sekkus MM-i avam\u00e4ngu resultatiivselt. Foto: Scanpix \/ Richard Callis \/ Sport Press Photo via ZUMA Press\"\/>&#13;\n<\/p>\n<p>MM-il algab t\u00e4nasega teine m\u00e4nguvoor ning lavale astuvad taas A- ja B-alagrupi v\u00f5istkonnad.\u00a0<\/p>\n<ul>&#13;<\/p>\n<li>N 18. juunil kell 19.00 T\u0161ehhi &#8211; L\u00f5una-Aafrika Vabariik (A-alagrupp)<\/li>\n<p>&#13;<\/p>\n<li>N 18. juunil kell 22.00 \u0160veits &#8211; Bosnia ja Hertsegoviina (B-alagrupp)<\/li>\n<p>&#13;<\/p>\n<li>R 19. juunil kell 1.00 Kanada &#8211; Katar (B-alagrupp)<\/li>\n<p>&#13;<\/p>\n<li>R 19. juunil kell 4.00 Mehhiko &#8211; L\u00f5una-Korea (A-alagrupp)<\/li>\n<p>&#13;\n<\/ul>\n<p>A-alagrupis moodustavad varasema m\u00e4ngupaari koondised, kel sel turniiril on v\u00f5iduarve avamata, seevastu p\u00e4eva hiliseima kohtumise v\u00f5itja saab kerkida alagrupi kindlaks liidriks ja \u00fchtlasi kindlustada v\u00e4ga suure t\u00f5en\u00e4osusega edasip\u00e4\u00e4su 32 parema hulka. B-alagrupis alustavad k\u00f5ik koondised ka teist m\u00e4nguvooru \u00fchel pulgal, sest avavoorus j\u00e4id m\u00f5lemad kohtumised 1:1 viiki.&#13;\n<\/p>\n<p>Kes haarab juhtohjad?&#13;\n<\/p>\n<p>Selle k\u00fcsimuse saab esitada nii A-, aga veelgi intrigeerivamalt B-alagrupi esikohta silmas pidades. T\u00f5en\u00e4oliselt saame t\u00e4na varahommikul parema ettekujutuse A-alagrupi v\u00f5\u00f5rustajariigi Mehhiko vormik\u00f5verast, sest kuigi v\u00f5it L\u00f5una-Aafrika Vabariigi \u00fcle oli veenev, siis L\u00f5una-Korea m\u00f5\u00f5dupuu ei tohiks olla v\u00f5rdv\u00e4\u00e4rne aafriklaste omaga. Esimese m\u00e4nguvooru p\u00f5hjal v\u00f5ib eeldada, et eesootav kohtumine on m\u00f5lema jaoks alagrupiturniiri raskeim ning selle v\u00f5itjale kuulub ka A-alagrupi esikoht.<\/p>\n<p>B-alagrupis on suurim t\u00e4helepanu m\u00f5istagi korraldajamaal Kanadal, kes avakohtumises Bosnia ja Hertsegoviina vastu tekitas palju v\u00f5imalusi, kuid j\u00e4i nende realiseerimisega h\u00e4tta. Kui Mehhiko ja USA said avavoorus kolm punkti kirja, siis kahtlemata on ka p\u00f5hjapoolseima v\u00f5\u00f5rustaja eesm\u00e4rk v\u00f5iduarve avada. Edasip\u00e4\u00e4su silmas pidades on kohtumine Katariga kriitiline, sest viimases voorus minnakse vastamisi eeldatavalt tugevaima vastase ehk \u0160veitsiga.&#13;\n<\/p>\n<p>T\u00f5estamist on ka \u0160veitsil, kes avavoorus j\u00e4i lisaminutitel v\u00f5idupunktidest ilma. Eurooplaste omavahelises kohtumises on neil favoriidikoorem, kuid avavoorus tehtud ebakindel viik Katariga tekitas rohkem k\u00fcsimusi kui andis vastuseid. Bosnia ja Hertsegoviina ning Katar v\u00f5ivad avavooru tulemustega rahule j\u00e4\u00e4da ning selle p\u00f5hjal hellitada lootusi ka t\u00e4na eeldatavalt tugevamate n\u00e4pistamiseks.&#13;\n<\/p>\n<p>Kui palju m\u00e4nguaega teenib Promise David?&#13;\n<\/p>\n<p>Mis seal salata, k\u00fcllap iga kogenud Premium liiga huvilise silm vaatab Kanada m\u00e4nge just Promise Davidi t\u00f5ttu keskmisest veidi teravama pilguga. N\u00f5mme Kaljust tuule tiibadesse saanud v\u00f5imas r\u00fcndaja m\u00e4ngis MM-deb\u00fc\u00fcdil pooltunni, mille jooksul tegi ta eelt\u00f6\u00f6 samuti vahetusest sekkunud Cyle Larini viigiv\u00e4ravale.<\/p>\n<p>Kas see oli Jesse Marschi jaoks piisav, et edutada Kanadale punkti teeninud r\u00fcndeduo algkoosseisu? Kuus p\u00e4eva tagasi said v\u00f5imaluse Jonathan David ja Tani Oluwaseyi, kuid m\u00f5lemad pigem j\u00e4id silma eksimustega r\u00fcnnaku l\u00f5petamisel. Kanada ameeriklasest lootsil oli avam\u00e4ngu j\u00e4rel palju m\u00f5tteainet ning selgus selles k\u00fcsimuses ilmneb m\u00f5ne tunni p\u00e4rast.&#13;\n<\/p>\n<p>Kas kumbki j\u00e4\u00e4b endiselt nullile?&#13;\n<\/p>\n<p>T\u0161ehhi ja L\u00f5una-Aafrika Vabariigi jaoks on t\u00e4na \u00f5htul esmane \u00fclesanne avada turniiri punktiarve. Et edasip\u00e4\u00e4sulootuseid suurendada, tuleb m\u00f5istagi kasuks teenida punkte kolmekaupa, kuid kaotuse korral on emmal-kummal olukord \u00fcpris t\u00e4bar. Usutavasti leiavad m\u00f5lemad avavooru j\u00e4rel, et praegune voor on nende soodsaim v\u00f5imalus punktide teenimiseks.&#13;\n<\/p>\n<p>Eriti palju t\u00f5estamist v\u00f5iks olla LAV-il, kes avavoorus j\u00e4ttis v\u00f5rdlemisi kahvatu mulje. Nende statistiline n\u00e4itaja xG oli turniiri avakohtumises vaid 0,08, mis on koondise poolehoidjatele murettekitav asjaolu. Et t\u0161ehhide vastu punkti eest v\u00f5idelda, tuleb neil r\u00fcndem\u00e4ngus k\u00f5vasti juurde panna ning samal ajal v\u00e4ltida lihteksimusi, mis Mehhiko vastu saatuslikuks said.<\/p>\n","protected":false},"excerpt":{"rendered":"&#13; MM-il algab t\u00e4nasega teine m\u00e4nguvoor ning lavale astuvad taas A- ja B-alagrupi v\u00f5istkonnad.\u00a0 &#13; N 18. juunil&hellip;\n","protected":false},"author":2,"featured_media":207430,"comment_status":"","ping_status":"","sticky":false,"template":"","format":"standard","meta":{"footnotes":"","_share_on_mastodon":"0"},"categories":[18],"tags":[11143,84738,37,33,35,34,36,81511,38997,1554,8830,6719,3605,6718,6565,159,158,4588,116],"class_list":["post-207429","post","type-post","status-publish","format-standard","has-post-thumbnail","category-sport","tag-bosnia-ja-hertsegoviina","tag-cyle-larin","tag-ee","tag-eesti","tag-eesti-keel","tag-estonia","tag-estonian","tag-jesse-marsch","tag-jonathan-david","tag-kanada","tag-katar","tag-louna-aafrika-vabariik","tag-louna-korea","tag-mehhiko","tag-promise-david","tag-sport","tag-sports","tag-sveits","tag-tsehhi"],"share_on_mastodon":{"url":"https:\/\/pubeurope.com\/@ee\/116771083939496911","error":""},"_links":{"self":[{"href":"https:\/\/www.europesays.com\/ee\/wp-json\/wp\/v2\/posts\/207429","targetHints":{"allow":["GET"]}}],"collection":[{"href":"https:\/\/www.europesays.com\/ee\/wp-json\/wp\/v2\/posts"}],"about":[{"href":"https:\/\/www.europesays.com\/ee\/wp-json\/wp\/v2\/types\/post"}],"author":[{"embeddable":true,"href":"https:\/\/www.europesays.com\/ee\/wp-json\/wp\/v2\/users\/2"}],"replies":[{"embeddable":true,"href":"https:\/\/www.europesays.com\/ee\/wp-json\/wp\/v2\/comments?post=207429"}],"version-history":[{"count":0,"href":"https:\/\/www.europesays.com\/ee\/wp-json\/wp\/v2\/posts\/207429\/revisions"}],"wp:featuredmedia":[{"embeddable":true,"href":"https:\/\/www.europesays.com\/ee\/wp-json\/wp\/v2\/media\/207430"}],"wp:attachment":[{"href":"https:\/\/www.europesays.com\/ee\/wp-json\/wp\/v2\/media?parent=207429"}],"wp:term":[{"taxonomy":"category","embeddable":true,"href":"https:\/\/www.europesays.com\/ee\/wp-json\/wp\/v2\/categories?post=207429"},{"taxonomy":"post_tag","embeddable":true,"href":"https:\/\/www.europesays.com\/ee\/wp-json\/wp\/v2\/tags?post=207429"}],"curies":[{"name":"wp","href":"https:\/\/api.w.org\/{rel}","templated":true}]}}