{"id":207531,"date":"2026-06-18T14:06:17","date_gmt":"2026-06-18T14:06:17","guid":{"rendered":"https:\/\/www.europesays.com\/ee\/207531\/"},"modified":"2026-06-18T14:06:17","modified_gmt":"2026-06-18T14:06:17","slug":"portugali-peatreener-ronaldo-valjavahetamine-ei-oleks-olnud-loogiline-jalgpalli-mm","status":"publish","type":"post","link":"https:\/\/www.europesays.com\/ee\/207531\/","title":{"rendered":"Portugali peatreener: Ronaldo v\u00e4ljavahetamine ei oleks olnud loogiline | Jalgpalli MM"},"content":{"rendered":"<p>Portugali jalgpallikoondise peatreener Roberto Martinez ei ole p\u00e4rast meeskonna MM-i avam\u00e4ngus saadud 1:1 viiki Kongo DV vastu mures ega usu, et Cristiano Ronaldo v\u00e4ljavahetamine oleks loodetud tulemust toonud.<\/p>\n<p>Portugal alustas MM-finaalturniiri kahvatu 1:1 viigiga Kongo DV vastu. 41-aastane Ronaldo ei ole v\u00e4ravat l\u00f6\u00f6nud k\u00fcmnes j\u00e4rjestikuses suurturniiri m\u00e4ngus ning kuigi ta on Portugali p\u00f5himees ja l\u00f6\u00f6nud koondise s\u00e4rgis 143 v\u00e4ravat, on meeskond viimases neljas suuturniiri m\u00e4ngus kirja saanud vaid \u00fche tabamuse.<\/p>\n<p>Kolmap\u00e4evane m\u00e4ng oli Ronaldo jaoks kuues MM-i kohtumine, kus ta ei saatnud v\u00e4rava raamidesse \u00fchtegi pealel\u00f6\u00f6ki. Portugali koondise peatreener Roberto Martinez pidi viigij\u00e4rgsel pressikonverentsil vastama ka k\u00fcsimustele, kas v\u00e4ravat jahtinud Portugal oleks pidanud Ronaldo v\u00e4lja vahetama ning tema asemel sisse tooma v\u00e4rskeid jalgu.<\/p>\n<p>&#8220;Pole loogiline maailma parim v\u00e4raval\u00f6\u00f6ja v\u00e4lja v\u00f5tta m\u00e4ngus, kus sa vajad v\u00e4ravaid,&#8221; vastas Martinez. &#8220;Alustasime v\u00e4ga-v\u00e4ga h\u00e4sti. Meie tase oli k\u00f5rge, aga meie v\u00e4raval oli seekord vastupidine efekt: tahtsime hakata palli hoidma, andsime sellega Kongole v\u00f5imaluse oma kaitsestruktuuri muuta ning vastur\u00fcnnakuid algatada,&#8221; lisas ta.<\/p>\n<p>M\u00f5lemad P\u00fcrenee poolsaare meeskonnad on turniiri alustanud keskp\u00e4rase m\u00e4nguga Aafrika koondiste vastu, sest Hispaania ei suutnud esmasp\u00e4eval enamat v\u00e4ravateta viigist Roheneemesaartega. &#8220;MM on turniir, kus sellised asjad v\u00f5ivad juhtuda,&#8221; t\u00f5des Martinez. &#8220;Argentina kaotas Saudi Araabiale ja tuli hiljem maailmameistriks, Hispaania kaotas [2010. aastal] \u0160veitsile ja v\u00f5itis MM-i. Need ei olnud v\u00f5itjatele v\u00e4\u00e4rilised esitused, aga see on osa protsessist,&#8221; lisas Portugali juhendaja.<\/p>\n","protected":false},"excerpt":{"rendered":"Portugali jalgpallikoondise peatreener Roberto Martinez ei ole p\u00e4rast meeskonna MM-i avam\u00e4ngus saadud 1:1 viiki Kongo DV vastu mures&hellip;\n","protected":false},"author":2,"featured_media":207233,"comment_status":"","ping_status":"","sticky":false,"template":"","format":"standard","meta":{"footnotes":"","_share_on_mastodon":"0"},"categories":[5],"tags":[26,27,3887,37,33,35,34,36,31,32,21,7036,25700,80558,66277,28,29,19,25,10716,54108,23,24,22,20,30],"class_list":["post-207531","post","type-post","status-publish","format-standard","has-post-thumbnail","category-uldised-uudised","tag-breaking-news","tag-breakingnews","tag-cristiano-ronaldo","tag-ee","tag-eesti","tag-eesti-keel","tag-estonia","tag-estonian","tag-featured-news","tag-featurednews","tag-headlines","tag-jalgpalli-mm","tag-jalgpalli-mm-finaalturniir","tag-jalgpalli-mm-finaalturniir-2026","tag-kongo-dv-jalgpallikoondis","tag-latest-news","tag-latestnews","tag-news","tag-populaarseimad-lood","tag-portugali-jalgpallikoondis","tag-roberto-martinez","tag-top-stories","tag-topstories","tag-uldised-uudised","tag-uudised","tag-viimased-uudised"],"share_on_mastodon":{"url":"https:\/\/pubeurope.com\/@ee\/116771499926338972","error":""},"_links":{"self":[{"href":"https:\/\/www.europesays.com\/ee\/wp-json\/wp\/v2\/posts\/207531","targetHints":{"allow":["GET"]}}],"collection":[{"href":"https:\/\/www.europesays.com\/ee\/wp-json\/wp\/v2\/posts"}],"about":[{"href":"https:\/\/www.europesays.com\/ee\/wp-json\/wp\/v2\/types\/post"}],"author":[{"embeddable":true,"href":"https:\/\/www.europesays.com\/ee\/wp-json\/wp\/v2\/users\/2"}],"replies":[{"embeddable":true,"href":"https:\/\/www.europesays.com\/ee\/wp-json\/wp\/v2\/comments?post=207531"}],"version-history":[{"count":0,"href":"https:\/\/www.europesays.com\/ee\/wp-json\/wp\/v2\/posts\/207531\/revisions"}],"wp:featuredmedia":[{"embeddable":true,"href":"https:\/\/www.europesays.com\/ee\/wp-json\/wp\/v2\/media\/207233"}],"wp:attachment":[{"href":"https:\/\/www.europesays.com\/ee\/wp-json\/wp\/v2\/media?parent=207531"}],"wp:term":[{"taxonomy":"category","embeddable":true,"href":"https:\/\/www.europesays.com\/ee\/wp-json\/wp\/v2\/categories?post=207531"},{"taxonomy":"post_tag","embeddable":true,"href":"https:\/\/www.europesays.com\/ee\/wp-json\/wp\/v2\/tags?post=207531"}],"curies":[{"name":"wp","href":"https:\/\/api.w.org\/{rel}","templated":true}]}}