{"id":207570,"date":"2026-06-18T14:59:09","date_gmt":"2026-06-18T14:59:09","guid":{"rendered":"https:\/\/www.europesays.com\/ee\/207570\/"},"modified":"2026-06-18T14:59:09","modified_gmt":"2026-06-18T14:59:09","slug":"euroopa-komisjon-eitab-kaja-kallase-osalemist-miljardar-peter-thieli-salauhingus","status":"publish","type":"post","link":"https:\/\/www.europesays.com\/ee\/207570\/","title":{"rendered":"Euroopa Komisjon eitab Kaja Kallase osalemist miljard\u00e4r Peter Thieli \u201esala\u00fchingus\u201c"},"content":{"rendered":"<p>V\u00e4ljaanne Axios on varem nimetanud Kallast mullu toimunud sarnase \u00fcrituse k\u00fclastajana. <\/p>\n<p>Thieli \u201esalaorganisatsiooni\u201c k\u00fclaliste nimekiri lekkis teisip\u00e4eval ning seal oli mainitud s\u00e4\u00e4raseid isikuid, nagu Donaldi Trumpi v\u00e4imees Jared Kushner, maailma rikkaim mees Elon Musk, USA rahandusminister Scott Bessent, senaatorid Cory Booker ja Ted Cruz, endine USA kindral Stanley McChrystal ning Saudi Araabia suursaadik USAs Reema Al-Saud, aga ka OpenAI president Greg Brockman. <\/p>\n<p>Eurooplastest on nimekirjas n\u00e4iteks Vene dissident Garry Kasparov ja Briti parlamendiliige Tom Tugendhat. Kokku oli nimekirjas 222 inimest. <\/p>\n<p>Dialogi nimelise seltsingu, kuhu saab ainult kutsetega, asutas Thiel juba 2006. aastal. Teadup\u00e4rast k\u00e4ib Thieli nimi rohkelt l\u00e4bi ka <a rel=\"noopener nofollow\" target=\"_blank\" href=\"https:\/\/www.delfi.ee\/teema\/87104845\/jeffrey-epstein\" tag-id=\"87104845\">Jeffrey Epsteini<\/a> kirjavahetusest. 2014. aastal kutsuti Dialogile ka Epstein ise. <\/p>\n<p>Iirimaal toimuva \u00fcrituse raames korraldatakse hulgaliselt arutelusessioone, millest osadel on k\u00f5nekad pealkirjad, nagu \u201eToome tuumaenergia tagasi\u201c, \u201eKuidas on lood teie seksuaaleluga\u201c ning \u201eKuidas \u00fcles ehitada sekti\u201c, kirjutab EUobserver. Samuti on tehnoloogiav\u00e4ljande Wired info kohaselt \u00fcks \u00fcrituse funktsioonidest osalejate paaripanemine. <\/p>\n<p>Nimekirja lekitas algselt \u0160veitsi h\u00e4ktivist Maia Arson. <\/p>\n<p>Kuidas see lugu Sind end tundma pani? Saada <\/p>\n","protected":false},"excerpt":{"rendered":"V\u00e4ljaanne Axios on varem nimetanud Kallast mullu toimunud sarnase \u00fcrituse k\u00fclastajana. Thieli \u201esalaorganisatsiooni\u201c k\u00fclaliste nimekiri lekkis teisip\u00e4eval ning&hellip;\n","protected":false},"author":2,"featured_media":207571,"comment_status":"","ping_status":"","sticky":false,"template":"","format":"standard","meta":{"footnotes":"","_share_on_mastodon":"0"},"categories":[14],"tags":[131,130,37,33,35,34,36,8614,1639,26044],"class_list":["post-207570","post","type-post","status-publish","format-standard","has-post-thumbnail","category-ari","tag-ari","tag-business","tag-ee","tag-eesti","tag-eesti-keel","tag-estonia","tag-estonian","tag-jeffrey-epstein","tag-kaja-kallas","tag-peter-thiel"],"share_on_mastodon":{"url":"https:\/\/pubeurope.com\/@ee\/116771708297185614","error":""},"_links":{"self":[{"href":"https:\/\/www.europesays.com\/ee\/wp-json\/wp\/v2\/posts\/207570","targetHints":{"allow":["GET"]}}],"collection":[{"href":"https:\/\/www.europesays.com\/ee\/wp-json\/wp\/v2\/posts"}],"about":[{"href":"https:\/\/www.europesays.com\/ee\/wp-json\/wp\/v2\/types\/post"}],"author":[{"embeddable":true,"href":"https:\/\/www.europesays.com\/ee\/wp-json\/wp\/v2\/users\/2"}],"replies":[{"embeddable":true,"href":"https:\/\/www.europesays.com\/ee\/wp-json\/wp\/v2\/comments?post=207570"}],"version-history":[{"count":0,"href":"https:\/\/www.europesays.com\/ee\/wp-json\/wp\/v2\/posts\/207570\/revisions"}],"wp:featuredmedia":[{"embeddable":true,"href":"https:\/\/www.europesays.com\/ee\/wp-json\/wp\/v2\/media\/207571"}],"wp:attachment":[{"href":"https:\/\/www.europesays.com\/ee\/wp-json\/wp\/v2\/media?parent=207570"}],"wp:term":[{"taxonomy":"category","embeddable":true,"href":"https:\/\/www.europesays.com\/ee\/wp-json\/wp\/v2\/categories?post=207570"},{"taxonomy":"post_tag","embeddable":true,"href":"https:\/\/www.europesays.com\/ee\/wp-json\/wp\/v2\/tags?post=207570"}],"curies":[{"name":"wp","href":"https:\/\/api.w.org\/{rel}","templated":true}]}}