{"id":207748,"date":"2026-06-18T19:24:10","date_gmt":"2026-06-18T19:24:10","guid":{"rendered":"https:\/\/www.europesays.com\/ee\/207748\/"},"modified":"2026-06-18T19:24:10","modified_gmt":"2026-06-18T19:24:10","slug":"neymar-jaab-ka-teisest-mm-mangust-eemale-jalgpalli-mm","status":"publish","type":"post","link":"https:\/\/www.europesays.com\/ee\/207748\/","title":{"rendered":"Neymar j\u00e4\u00e4b ka teisest MM-m\u00e4ngust eemale | Jalgpalli MM"},"content":{"rendered":"<p>Brasiilia jalgpallikoondis peab ka oma teise MM-i alagrupim\u00e4ngu pidama ilma suurima t\u00e4he Neymarita, kes j\u00e4\u00e4b Haiti vastu peetavast kohtumisest eemale.<\/p>\n<p>Brasiilia Jalgpalliliit teatas, et r\u00fcndaja j\u00e4\u00e4b New Jerseysse, kus koondis turniiri ajal baseerub. Seal j\u00e4tkab ta taastumist parema s\u00e4\u00e4relihase vigastusest ning kasutab kohalikke taastumisv\u00f5imalusi.<\/p>\n<p>Teisip\u00e4eval tegi Neymar p\u00e4rast vigastust esimest korda murutrenni, kuid osales vaid osaliselt meeskonna treeningul. Seet\u00f5ttu ei soovita koondise meditsiiniline personal tema naasmisega kiirustada.<\/p>\n<p>34-aastane Neymar pole Brasiilia koondise eest vigastuste t\u00f5ttu ligi kolm aastat m\u00e4nguminuteid teeninud. Vaatamata sellele kuulus ta peatreeneri valikusse ning loodetakse, et ta saab koondist aidata turniiri hilisemas faasis.<\/p>\n","protected":false},"excerpt":{"rendered":"Brasiilia jalgpallikoondis peab ka oma teise MM-i alagrupim\u00e4ngu pidama ilma suurima t\u00e4he Neymarita, kes j\u00e4\u00e4b Haiti vastu peetavast&hellip;\n","protected":false},"author":2,"featured_media":207749,"comment_status":"","ping_status":"","sticky":false,"template":"","format":"standard","meta":{"footnotes":"","_share_on_mastodon":"0"},"categories":[18],"tags":[11470,37,33,35,34,36,29565,159,158],"class_list":["post-207748","post","type-post","status-publish","format-standard","has-post-thumbnail","category-sport","tag-brasiilia-jalgpallikoondis","tag-ee","tag-eesti","tag-eesti-keel","tag-estonia","tag-estonian","tag-neymar","tag-sport","tag-sports"],"share_on_mastodon":{"url":"https:\/\/pubeurope.com\/@ee\/116772750281748581","error":""},"_links":{"self":[{"href":"https:\/\/www.europesays.com\/ee\/wp-json\/wp\/v2\/posts\/207748","targetHints":{"allow":["GET"]}}],"collection":[{"href":"https:\/\/www.europesays.com\/ee\/wp-json\/wp\/v2\/posts"}],"about":[{"href":"https:\/\/www.europesays.com\/ee\/wp-json\/wp\/v2\/types\/post"}],"author":[{"embeddable":true,"href":"https:\/\/www.europesays.com\/ee\/wp-json\/wp\/v2\/users\/2"}],"replies":[{"embeddable":true,"href":"https:\/\/www.europesays.com\/ee\/wp-json\/wp\/v2\/comments?post=207748"}],"version-history":[{"count":0,"href":"https:\/\/www.europesays.com\/ee\/wp-json\/wp\/v2\/posts\/207748\/revisions"}],"wp:featuredmedia":[{"embeddable":true,"href":"https:\/\/www.europesays.com\/ee\/wp-json\/wp\/v2\/media\/207749"}],"wp:attachment":[{"href":"https:\/\/www.europesays.com\/ee\/wp-json\/wp\/v2\/media?parent=207748"}],"wp:term":[{"taxonomy":"category","embeddable":true,"href":"https:\/\/www.europesays.com\/ee\/wp-json\/wp\/v2\/categories?post=207748"},{"taxonomy":"post_tag","embeddable":true,"href":"https:\/\/www.europesays.com\/ee\/wp-json\/wp\/v2\/tags?post=207748"}],"curies":[{"name":"wp","href":"https:\/\/api.w.org\/{rel}","templated":true}]}}