{"id":207752,"date":"2026-06-18T19:27:11","date_gmt":"2026-06-18T19:27:11","guid":{"rendered":"https:\/\/www.europesays.com\/ee\/207752\/"},"modified":"2026-06-18T19:27:11","modified_gmt":"2026-06-18T19:27:11","slug":"presidentide-kaasadest-said-uue-laeva-vaderid","status":"publish","type":"post","link":"https:\/\/www.europesays.com\/ee\/207752\/","title":{"rendered":"Presidentide kaasadest said uue laeva vaderid"},"content":{"rendered":"<p>Vabariigi presidendi abikaasa Sirje Karis ja Leedu presidendi abikaasa Diana Naus\u0117dien\u0117 osalesid neljap\u00e4eval Klaip\u0117das Eesti ettev\u00f5tete Baltic Workboats ja BLRT Grupp AS ehitatud vesinikul t\u00f6\u00f6tava tankeri Rasa ristimistseremoonial. M\u00f5lemast said laeva vaderid.<\/p>\n<p>Sirje Karis t\u00f5stis tseremoonial peetud k\u00f5nes esile Eesti ja Leedu koost\u00f6\u00f6d puhtama ja kestlikuma tuleviku ning merekeskkonna kujundamisel.<\/p>\n","protected":false},"excerpt":{"rendered":"Vabariigi presidendi abikaasa Sirje Karis ja Leedu presidendi abikaasa Diana Naus\u0117dien\u0117 osalesid neljap\u00e4eval Klaip\u0117das Eesti ettev\u00f5tete Baltic Workboats&hellip;\n","protected":false},"author":2,"featured_media":207753,"comment_status":"","ping_status":"","sticky":false,"template":"","format":"standard","meta":{"footnotes":"","_share_on_mastodon":"0"},"categories":[12],"tags":[3986,84793,26,27,74520,37,33,35,34,36,31,32,21,1960,16593,28,29,19,25,13103,7281,23,24,22,20,30],"class_list":["post-207752","post","type-post","status-publish","format-standard","has-post-thumbnail","category-eesti","tag-baltic-workboats","tag-blrt-grupp-as","tag-breaking-news","tag-breakingnews","tag-diana-nausediene","tag-ee","tag-eesti","tag-eesti-keel","tag-estonia","tag-estonian","tag-featured-news","tag-featurednews","tag-headlines","tag-klaipeda","tag-laevaehitus","tag-latest-news","tag-latestnews","tag-news","tag-populaarseimad-lood","tag-sirje-karis","tag-tanker","tag-top-stories","tag-topstories","tag-uldised-uudised","tag-uudised","tag-viimased-uudised"],"share_on_mastodon":{"url":"https:\/\/pubeurope.com\/@ee\/116772762016287103","error":""},"_links":{"self":[{"href":"https:\/\/www.europesays.com\/ee\/wp-json\/wp\/v2\/posts\/207752","targetHints":{"allow":["GET"]}}],"collection":[{"href":"https:\/\/www.europesays.com\/ee\/wp-json\/wp\/v2\/posts"}],"about":[{"href":"https:\/\/www.europesays.com\/ee\/wp-json\/wp\/v2\/types\/post"}],"author":[{"embeddable":true,"href":"https:\/\/www.europesays.com\/ee\/wp-json\/wp\/v2\/users\/2"}],"replies":[{"embeddable":true,"href":"https:\/\/www.europesays.com\/ee\/wp-json\/wp\/v2\/comments?post=207752"}],"version-history":[{"count":0,"href":"https:\/\/www.europesays.com\/ee\/wp-json\/wp\/v2\/posts\/207752\/revisions"}],"wp:featuredmedia":[{"embeddable":true,"href":"https:\/\/www.europesays.com\/ee\/wp-json\/wp\/v2\/media\/207753"}],"wp:attachment":[{"href":"https:\/\/www.europesays.com\/ee\/wp-json\/wp\/v2\/media?parent=207752"}],"wp:term":[{"taxonomy":"category","embeddable":true,"href":"https:\/\/www.europesays.com\/ee\/wp-json\/wp\/v2\/categories?post=207752"},{"taxonomy":"post_tag","embeddable":true,"href":"https:\/\/www.europesays.com\/ee\/wp-json\/wp\/v2\/tags?post=207752"}],"curies":[{"name":"wp","href":"https:\/\/api.w.org\/{rel}","templated":true}]}}