{"id":207798,"date":"2026-06-18T20:22:26","date_gmt":"2026-06-18T20:22:26","guid":{"rendered":"https:\/\/www.europesays.com\/ee\/207798\/"},"modified":"2026-06-18T20:22:26","modified_gmt":"2026-06-18T20:22:26","slug":"leidub-ka-koduaias-%e2%9f%a9-puugi-eemaldamiseks-ei-ole-tavaliselt-emosse-poordumine-vajalik","status":"publish","type":"post","link":"https:\/\/www.europesays.com\/ee\/207798\/","title":{"rendered":"LEIDUB KA KODUAIAS \u27e9 Puugi eemaldamiseks ei ole tavaliselt EMOsse p\u00f6\u00f6rdumine vajalik"},"content":{"rendered":"<p>Paljude jaoks t\u00e4hendab suvi rohkem aega looduses, kuid \u00fchtlasi ka puukidega kohtumise ohtu. Neid ei leidu ainult metsades ja maapiirkondades, vaid ka linnaparkides, koduaedades ning mujal haljasaladel. Puugid levitavad Eestis kahte t\u00f5sist haigust: puukentsefaliiti ja puukborrelioosi ehk Lyme\u2019i t\u00f5be. EMO \u00f5endusjuht Natalja Dudkina ja S\u00fcdameapteegi proviisor Gregor Stan Sild r\u00e4\u00e4givad, milliseid levinud eksiarvamusi v\u00e4ltida, kuidas puugihammustust ennetada ning mida teha puugi avastamisel.<\/p>\n","protected":false},"excerpt":{"rendered":"Paljude jaoks t\u00e4hendab suvi rohkem aega looduses, kuid \u00fchtlasi ka puukidega kohtumise ohtu. Neid ei leidu ainult metsades&hellip;\n","protected":false},"author":2,"featured_media":207799,"comment_status":"","ping_status":"","sticky":false,"template":"","format":"standard","meta":{"footnotes":"","_share_on_mastodon":"0"},"categories":[12],"tags":[3427,26,27,37,33,35,1644,34,36,31,32,21,691,2670,6678,28,29,6679,3900,19,25,1440,6681,6684,6683,23,24,22,20,6680,30,6682],"class_list":["post-207798","post","type-post","status-publish","format-standard","has-post-thumbnail","category-eesti","tag-aed","tag-breaking-news","tag-breakingnews","tag-ee","tag-eesti","tag-eesti-keel","tag-ehitus","tag-estonia","tag-estonian","tag-featured-news","tag-featurednews","tag-headlines","tag-kinnisvara","tag-kodu","tag-korter","tag-latest-news","tag-latestnews","tag-maja","tag-muuk","tag-news","tag-populaarseimad-lood","tag-remont","tag-rent","tag-sisekujundus","tag-sisustus","tag-top-stories","tag-topstories","tag-uldised-uudised","tag-uudised","tag-uur","tag-viimased-uudised","tag-viimistlus"],"share_on_mastodon":{"url":"https:\/\/pubeurope.com\/@ee\/116772978476707165","error":""},"_links":{"self":[{"href":"https:\/\/www.europesays.com\/ee\/wp-json\/wp\/v2\/posts\/207798","targetHints":{"allow":["GET"]}}],"collection":[{"href":"https:\/\/www.europesays.com\/ee\/wp-json\/wp\/v2\/posts"}],"about":[{"href":"https:\/\/www.europesays.com\/ee\/wp-json\/wp\/v2\/types\/post"}],"author":[{"embeddable":true,"href":"https:\/\/www.europesays.com\/ee\/wp-json\/wp\/v2\/users\/2"}],"replies":[{"embeddable":true,"href":"https:\/\/www.europesays.com\/ee\/wp-json\/wp\/v2\/comments?post=207798"}],"version-history":[{"count":0,"href":"https:\/\/www.europesays.com\/ee\/wp-json\/wp\/v2\/posts\/207798\/revisions"}],"wp:featuredmedia":[{"embeddable":true,"href":"https:\/\/www.europesays.com\/ee\/wp-json\/wp\/v2\/media\/207799"}],"wp:attachment":[{"href":"https:\/\/www.europesays.com\/ee\/wp-json\/wp\/v2\/media?parent=207798"}],"wp:term":[{"taxonomy":"category","embeddable":true,"href":"https:\/\/www.europesays.com\/ee\/wp-json\/wp\/v2\/categories?post=207798"},{"taxonomy":"post_tag","embeddable":true,"href":"https:\/\/www.europesays.com\/ee\/wp-json\/wp\/v2\/tags?post=207798"}],"curies":[{"name":"wp","href":"https:\/\/api.w.org\/{rel}","templated":true}]}}