{"id":207840,"date":"2026-06-18T21:29:15","date_gmt":"2026-06-18T21:29:15","guid":{"rendered":"https:\/\/www.europesays.com\/ee\/207840\/"},"modified":"2026-06-18T21:29:15","modified_gmt":"2026-06-18T21:29:15","slug":"lehis-krooniti-teist-korda-euroopa-meistriks-vehklemine","status":"publish","type":"post","link":"https:\/\/www.europesays.com\/ee\/207840\/","title":{"rendered":"Lehis krooniti teist korda Euroopa meistriks | Vehklemine"},"content":{"rendered":"<p>Prantsusmaal Antonys toimuvatel vehklemise Euroopa meistriv\u00f5istlustel krooniti Katrina Lehis teist korda Euroopa meistriks. Finaalis alistas Lehis sakslanna Alexandra Ehleri tulemusega 15:10.<\/p>\n<p>Pariisi s\u00fcdamest k\u00fcmne kilomeetri kaugusel l\u00f5unas asuvas Antonys v\u00f5itis Julia Beljajeva alagrupis oma kuuest mat\u0161ist viis. Katrina Lehis, Veronika Zuikova ja Irina Embrich teenisid alagrupis neli v\u00f5itu.<\/p>\n<p>1\/32-finaalis kohtus mullu EM-il h\u00f5beda v\u00f5itnud Lehis Rumeenia vehkleja Emma Sontiga ning p\u00e4\u00e4ses tasav\u00e4gise mat\u0161i j\u00e4rel lisaajal saadud 9:8 v\u00f5iduga 32 parema sekka. Seal tuli vastaseks rootslanna Elvira Martensson ning 15:12 v\u00f5iduga tagas eestlanna koha kaheksandikfinaalis, kus tema vastaseks oli ungarlanna Blanka Nagy. Tempokalt kulgenud kohtumise avaperiood l\u00f5ppes seisul 11:11, kuigi Lehis oli enne seda olnud 9:11 kaotusseisus. Teisel kolmandikul pani Lehis oma paremuse maksma ning v\u00f5itis mat\u0161i 15:12, kindlustades koha veerandfinaalis.<\/p>\n<p>Veerandfinaalis l\u00e4ks Lehis vastamisi itaallanna Giulia Rizziga ning haaras kohe alguses 2:0 edu. Kahe perioodi j\u00e4rel juhtis eestlanna 7:5 ning kasvatas viimases kolmandikus eduseisu veelgi. L\u00f5puks v\u00f5itis Lehis veerandfinaali kindlalt 15:7 ning p\u00e4\u00e4ses poolfinaali.<\/p>\n<p>Poolfinaalis l\u00e4ks Lehis vastamisi ungarlanna Eszter Muhariga. Avaperioodi kaotas ta k\u00fcll 0:1 j\u00e4rel, kuid tegi seej\u00e4rel neli j\u00e4rjestikust torget ja v\u00f5itis esimese perioodi 5:2. Kahe perioodi j\u00e4rel juhtis eestlanna 10:6 ning hoidis edu kindlalt l\u00f5puni, v\u00f5ites mat\u0161i 15:10. Sellega j\u00f5udis Lehis teist aastat j\u00e4rjest Euroopa meistriv\u00f5istluste finaali, kus kohtub sakslanna Alexandra Ehleriga.<\/p>\n<p>Euroopa meistritiitli nimel peetud finaalis oli Lehis kindlalt 15:10 parem sakslanna Alexandra Ehlerist. Eestlanna haaras kohe alguses 3:0 eduseisu ning kasvatas selle teise perioodi l\u00f5puks 7:2-le. Viimases kolmandikus ei lasknud Lehis vastasel enam ohtlikult l\u00e4hedale tulla ja kindlustas topelttorkega 15:10 v\u00f5iduga oma karj\u00e4\u00e4ri teise Euroopa meistritiitli.<\/p>\n<p>&#8220;See on imeline muidugi. K\u00f5ik, kes on finaali j\u00f5udnud ja v\u00f5itnud, teavad seda tunnet. Eelmisel aastal pidin kahel finaalv\u00f5istlusel kaotust tunnistama ja see oli s\u00fcdantl\u00f5hestav. Mul ei ole siin k\u00f5ige suurem f\u00e4nniklubi, kuid kindlasti k\u00f5ige valjem, aga ma olen meeletult \u00f5nnelik,&#8221; \u00fctles v\u00e4rske Euroopa meister<\/p>\n<p>Embrich pidi oma p\u00f5hitabeli avamat\u0161is tunnistama prantslanna Diane von Kerssenbrocki 11:10 paremust, Beljajeva alistas kindlalt 15:5 leedulanna Paulina Bajorunaite-Stauske ning l\u00e4ks 32 parema seas vastamisi just Embrichi alistanud prantslannaga, aga sai 7:15 kaotuse.<\/p>\n<p>Zuikova esimeseks vastaseks p\u00f5hiturniiril oli ol\u00fcmpiav\u00f5itja Giulia Rizzi, itaallanna oli parem 15:8.<\/p>\n<p>Tegemist on Lehise karj\u00e4\u00e4ri seitsmenda tiitliv\u00f5istluste medaliga. Individuaalselt on ta varem v\u00f5itnud ol\u00fcmpiapronksi (2021), MM-h\u00f5beda (2025), EM-kulla (2018), EM-h\u00f5beda (2025) ning naiskondlikult ol\u00fcmpiakulla (2021) ja EM-h\u00f5beda (2015)<\/p>\n","protected":false},"excerpt":{"rendered":"Prantsusmaal Antonys toimuvatel vehklemise Euroopa meistriv\u00f5istlustel krooniti Katrina Lehis teist korda Euroopa meistriks. Finaalis alistas Lehis sakslanna Alexandra&hellip;\n","protected":false},"author":2,"featured_media":207841,"comment_status":"","ping_status":"","sticky":false,"template":"","format":"standard","meta":{"footnotes":"","_share_on_mastodon":"0"},"categories":[5],"tags":[26,27,37,33,35,34,36,31,32,21,6342,11175,6345,28,29,19,25,23,24,22,20,37892,84723,30],"class_list":["post-207840","post","type-post","status-publish","format-standard","has-post-thumbnail","category-uldised-uudised","tag-breaking-news","tag-breakingnews","tag-ee","tag-eesti","tag-eesti-keel","tag-estonia","tag-estonian","tag-featured-news","tag-featurednews","tag-headlines","tag-irina-embrich","tag-julia-beljajeva","tag-katrina-lehis","tag-latest-news","tag-latestnews","tag-news","tag-populaarseimad-lood","tag-top-stories","tag-topstories","tag-uldised-uudised","tag-uudised","tag-vehklemise-em","tag-veronika-zuikova","tag-viimased-uudised"],"share_on_mastodon":{"url":"https:\/\/pubeurope.com\/@ee\/116773241968441497","error":""},"_links":{"self":[{"href":"https:\/\/www.europesays.com\/ee\/wp-json\/wp\/v2\/posts\/207840","targetHints":{"allow":["GET"]}}],"collection":[{"href":"https:\/\/www.europesays.com\/ee\/wp-json\/wp\/v2\/posts"}],"about":[{"href":"https:\/\/www.europesays.com\/ee\/wp-json\/wp\/v2\/types\/post"}],"author":[{"embeddable":true,"href":"https:\/\/www.europesays.com\/ee\/wp-json\/wp\/v2\/users\/2"}],"replies":[{"embeddable":true,"href":"https:\/\/www.europesays.com\/ee\/wp-json\/wp\/v2\/comments?post=207840"}],"version-history":[{"count":0,"href":"https:\/\/www.europesays.com\/ee\/wp-json\/wp\/v2\/posts\/207840\/revisions"}],"wp:featuredmedia":[{"embeddable":true,"href":"https:\/\/www.europesays.com\/ee\/wp-json\/wp\/v2\/media\/207841"}],"wp:attachment":[{"href":"https:\/\/www.europesays.com\/ee\/wp-json\/wp\/v2\/media?parent=207840"}],"wp:term":[{"taxonomy":"category","embeddable":true,"href":"https:\/\/www.europesays.com\/ee\/wp-json\/wp\/v2\/categories?post=207840"},{"taxonomy":"post_tag","embeddable":true,"href":"https:\/\/www.europesays.com\/ee\/wp-json\/wp\/v2\/tags?post=207840"}],"curies":[{"name":"wp","href":"https:\/\/api.w.org\/{rel}","templated":true}]}}