{"id":207869,"date":"2026-06-18T22:31:10","date_gmt":"2026-06-18T22:31:10","guid":{"rendered":"https:\/\/www.europesays.com\/ee\/207869\/"},"modified":"2026-06-18T22:31:10","modified_gmt":"2026-06-18T22:31:10","slug":"voimas-%e2%9f%a9-katrina-lehis-tuli-euroopa-meistriks-olen-toesti-vaga-onnelik","status":"publish","type":"post","link":"https:\/\/www.europesays.com\/ee\/207869\/","title":{"rendered":"V\u00d5IMAS! \u27e9 Katrina Lehis tuli Euroopa meistriks! \u00abOlen t\u00f5esti v\u00e4ga \u00f5nnelik!\u00bb"},"content":{"rendered":"<p class=\"MsoNormal\">N\u00fc\u00fcd paigutatakse 75 edasip\u00e4\u00e4sejat tabelisse. Lehis kohtub 1\/32-finaalis rumeenlanna Emma Sontiga, Embrich prantslanna Diane von Kerssenbrockiga, Zuikova itaallanna Giulia Rizziga. Seitsmenda asetusega Beljajeva vastane selgub 1\/64-finaalist, kus l\u00e4hevad vastamisi leedulanna Paulina Bajorunaite-Stauske ja soomlanna Outi Jaakkola.<\/p>\n<p>1\/32-finaalid<\/p>\n<p class=\"MsoNormal\">Alagrupiturniiril k\u00f5ige kindlamalt vehelnud Beljajeva j\u00e4tkas ka p\u00f5hitabelis h\u00e4sti. Mat\u0161 leedulanna Paulina Bajorunaite-Stauskega l\u00f5ppes 15:6.<\/p>\n<p class=\"MsoNormal\">Beljajeva vastane 1\/16-finaalis on prantslanna Diane von Kerssenbrock, kes oli v\u00e4ga tasav\u00e4gises mat\u0161is parem Irina Embrichist 11:10.<\/p>\n<p class=\"MsoNormal\">Euroopa esinumbril Lehisel oli raskusi rumeenlanna Emma Sontiga, kuid l\u00f5puks suutis ta 35. asetusega vastase alistada \u00fche torkega 9:8.<\/p>\n<p class=\"MsoNormal\">Eesti neljas number Veronika Zuikova kohtus 1\/32-finaalis Itaalia epeenaiskonnaga Pariisi ol\u00fcmpiav\u00f5itjaks tulnud Giulia Rizziga, kellele kaotas 8:15.<\/p>\n<p>1\/16 finaalid<\/p>\n<p>Katrina Lehis kohtus 1\/16 finaalis rootslanna Elvira Martenssoniga. Tasav\u00e4gise mat\u0161i viimane osa kaldus eestlanna kasuks. Lehis v\u00f5itis 15:12. Lehis saab omale j\u00e4rgmise vastase ungarlanna Blanka Virag Nagy ja ukrainlanna Inna Brovko paarist.<\/p>\n<p>Julia Beljajeva vastane 1\/16-finaalis oli prantslanna Diane von Kerssenbrock, kellele kaotas 7:15.<\/p>\n<p>1\/8 finaal<\/p>\n<p class=\"MsoNormal\">Lehis kohtus kaheksandikfinaalis ungarlanna Blanka Virag Nagyga, kes alistas varem ukrainlanna Inna Brovko 15:9. Tasav\u00e4gine mat\u0161 kestis kuni seisuni 9:9, siis sai ungarlanna kahepunktilise edu 11:9. Ent eestlanna ei andnud alla ja viigistas uuesti seisu 11:11-le. Seisul 12:12 l\u00e4ks Lehis kahe punktiga ette 14:12 ja tegi ka viimase \u00f5nnestunud torke, v\u00f5ites kohtumise 15:12.<\/p>\n<p>Veerandfinaal<\/p>\n<p class=\"MsoNormal\">Veerandfinaalis sai Lehis omale vastaseks itaallanna Giulia Rizzi, kes alistas kaheksandikfinaalis sakslanna Alexandra Zitteli 15:7. Lehis ja tema vastane alustasid passiivselt, kumbki ei suutnud esimese minutiga teha \u00fchtegi torget, mist\u00f5ttu kohtunik tegi m\u00f5lemale hoiatuse.<\/p>\n","protected":false},"excerpt":{"rendered":"N\u00fc\u00fcd paigutatakse 75 edasip\u00e4\u00e4sejat tabelisse. Lehis kohtub 1\/32-finaalis rumeenlanna Emma Sontiga, Embrich prantslanna Diane von Kerssenbrockiga, Zuikova itaallanna&hellip;\n","protected":false},"author":2,"featured_media":207870,"comment_status":"","ping_status":"","sticky":false,"template":"","format":"standard","meta":{"footnotes":"","_share_on_mastodon":"0"},"categories":[18],"tags":[37,33,35,34,36,6342,11175,6345,159,158,84723],"class_list":["post-207869","post","type-post","status-publish","format-standard","has-post-thumbnail","category-sport","tag-ee","tag-eesti","tag-eesti-keel","tag-estonia","tag-estonian","tag-irina-embrich","tag-julia-beljajeva","tag-katrina-lehis","tag-sport","tag-sports","tag-veronika-zuikova"],"share_on_mastodon":{"url":"https:\/\/pubeurope.com\/@ee\/116773485663018226","error":""},"_links":{"self":[{"href":"https:\/\/www.europesays.com\/ee\/wp-json\/wp\/v2\/posts\/207869","targetHints":{"allow":["GET"]}}],"collection":[{"href":"https:\/\/www.europesays.com\/ee\/wp-json\/wp\/v2\/posts"}],"about":[{"href":"https:\/\/www.europesays.com\/ee\/wp-json\/wp\/v2\/types\/post"}],"author":[{"embeddable":true,"href":"https:\/\/www.europesays.com\/ee\/wp-json\/wp\/v2\/users\/2"}],"replies":[{"embeddable":true,"href":"https:\/\/www.europesays.com\/ee\/wp-json\/wp\/v2\/comments?post=207869"}],"version-history":[{"count":0,"href":"https:\/\/www.europesays.com\/ee\/wp-json\/wp\/v2\/posts\/207869\/revisions"}],"wp:featuredmedia":[{"embeddable":true,"href":"https:\/\/www.europesays.com\/ee\/wp-json\/wp\/v2\/media\/207870"}],"wp:attachment":[{"href":"https:\/\/www.europesays.com\/ee\/wp-json\/wp\/v2\/media?parent=207869"}],"wp:term":[{"taxonomy":"category","embeddable":true,"href":"https:\/\/www.europesays.com\/ee\/wp-json\/wp\/v2\/categories?post=207869"},{"taxonomy":"post_tag","embeddable":true,"href":"https:\/\/www.europesays.com\/ee\/wp-json\/wp\/v2\/tags?post=207869"}],"curies":[{"name":"wp","href":"https:\/\/api.w.org\/{rel}","templated":true}]}}