{"id":207876,"date":"2026-06-18T23:37:08","date_gmt":"2026-06-18T23:37:08","guid":{"rendered":"https:\/\/www.europesays.com\/ee\/207876\/"},"modified":"2026-06-18T23:37:08","modified_gmt":"2026-06-18T23:37:08","slug":"kahekordne-euroopa-meister-katrina-lehis-kordas-niina-petrokina-haruldast-saavutust","status":"publish","type":"post","link":"https:\/\/www.europesays.com\/ee\/207876\/","title":{"rendered":"Kahekordne Euroopa meister Katrina Lehis kordas Niina Petr\u00f5kina haruldast saavutust"},"content":{"rendered":"<p>31-aastane Lehis alistas neljap\u00e4evases finaalis sakslanna Alexandra Ehleri 15:10. Sellega kordas eestlanna 2018. aasta saavutust, mil ta samuti Euroopa parimaks krooniti. EM-tiitlile oli ta l\u00e4hedal ka mullu, kui ta sai kaela h\u00f5bemedali.<\/p>\n<p>\u00dcldse on Lehis karj\u00e4\u00e4ri jooksul v\u00f5itnud seitse tiitliv\u00f5istluste medalit. Individuaalselt on tema auhinnakapis veel Tokyo ol\u00fcmpiam\u00e4ngude pronks ja mulluse MM-i h\u00f5be. Naiskondlikult tuli ta Tokyos ol\u00fcmpiav\u00f5itjaks ning v\u00f5itis  2015. aasta EM-ilt h\u00f5beda.<\/p>\n<p>Kordas Petr\u00f5kina saavutust<\/p>\n<p>V\u00e4rske Euroopa meister Lehis kordas \u00fchtlasi ajaloolist saavutust. Vaid Niina Petr\u00f5kina on eestlastest veel suutnud alates 1991. aastast v\u00f5ita ol\u00fcmpiaalal kaks individuaalset EM-kulda. Iluuisutaja v\u00f5itis esimese tiitli eelmisel aastal, t\u00e4navu kaitses ta kulda.<\/p>\n<p>Taasiseseisvunud Eestis on sirgunud mitmeid mitmekordseid Euroopa meistreid, ent seda kas v\u00f5istkondlikult v\u00f5i mitte ol\u00fcmpiaalal. Individuaalselt on ujuja Eneli Jefimova neljakordne EM-kuld. Neljast tiitlist kolm on ta saavutanud aga l\u00fchirajal ehk 25 meetri basseinis, mis ol\u00fcmpiam\u00e4ngude kavva ei kuulu.<\/p>\n<p>Vehklejatest on kolm EM-tiitlit Irina Embrichil. \u00dclieduka vehkleja kaks esikohta tulid v\u00f5istkondlikult.<\/p>\n<p>Sel sajandil on EM-tiitlite poolest k\u00f5ige edukamaks eestlaseks s\u00f5udja Allar Raja. Aastate jooksul krooniti Raja neljakordseks Euroopa meistriks. Kolm kulda tulid neljapaadiga ning \u00fcks kahepaadiga. Kolmekordseks Euroopa meistriks kerkisid s\u00f5udjatest Kaspar Taimsoo, T\u00f5nu Endrekson ja Andrei J\u00e4ms\u00e4. Endreksoni ja J\u00e4ms\u00e4 k\u00f5ik kullad tulid neljapaadis, Taimsool kaks neljapaadis ning \u00fcks koos Rajaga kahepaadis.<\/p>\n<p>Kahekordne Euroopa meister on ka Erki Nool, kes 1996. aastal p\u00e4lvis tiitli seitsmev\u00f5istluses ning kaks aastat hiljem k\u00fcmnev\u00f5istluses. Neist esimene teatavasti aga ol\u00fcmpiam\u00e4ngude kavva ei kuulu.<\/p>\n<p>EM-kullad ol\u00fcmpiaaladel alates 1991. aastast<\/p>\n<ul>\n<li>\n<p>Niina Petr\u00f5kina (iluuisutamine, naiste \u00fcksiks\u00f5it) 2026<\/p>\n<\/li>\n<li>\n<p>Niina Petr\u00f5kina (iluuisutamine, naiste \u00fcksiks\u00f5it) 2025<\/p>\n<\/li>\n<li>\n<p>Johannes Erm (kergej\u00f5ustik, k\u00fcmnev\u00f5istlus) 2024<\/p>\n<\/li>\n<li>\n<p>Irina Embrich (vehklemine, epee) 2024<\/p>\n<\/li>\n<li>\n<p>Eneli Jefimova (ujumine, 100 m rinnuli) 2024<\/p>\n<\/li>\n<li>\n<p>Epp M\u00e4e (naistemaadlus, raskekaal) 2021<\/p>\n<\/li>\n<li>\n<p>Katrina Lehis (vehklemine, epee) 2018<\/p>\n<\/li>\n<li>\n<p>Andrei J\u00e4ms\u00e4, Allar Raja, T\u00f5nu Endrekson, Kaspar Taimsoo (s\u00f5udmine, neljapaat) 2016<\/p>\n<\/li>\n<li>\n<p>Irina Embrich, Erika Kirpu, Julia Beljajeva, Kristina Kuusk (vehklemine, epee) 2016<\/p>\n<\/li>\n<li>\n<p>Irina Embrich, Kristina Kuusk, Erika Kirpu, Julia Beljajeva (vehklemine, epee) 2013<\/p>\n<\/li>\n<li>\n<p>Andrei J\u00e4ms\u00e4, Allar Raja, T\u00f5nu Endrekson, Kaspar Taimsoo (s\u00f5udmine, neljapaat) 2012<\/p>\n<\/li>\n<li>\n<p>Allar Raja, Kaspar Taimsoo (s\u00f5udmine, kahepaat) 2009<\/p>\n<\/li>\n<li>\n<p>Martin Padar (judo, +100 kg) 2009<\/p>\n<\/li>\n<li>\n<p>J\u00fcri Jaanson, Allar Raja, T\u00f5nu Endrekson, Andrei J\u00e4ms\u00e4 (s\u00f5udmine, neljapaat) 2008<\/p>\n<\/li>\n<li>\n<p>Aleksei Bud\u00f5lin (judo, -81 kg) 2001<\/p>\n<\/li>\n<li>\n<p>Imre Tiidemann (moodne viiev\u00f5istlus) 2000<\/p>\n<\/li>\n<li>\n<p>Erki Nool (kergej\u00f5ustik, k\u00fcmnev\u00f5istlus) 1998<\/p>\n<\/li>\n<li>\n<p>T\u00f5nu ja Toomas T\u00f5niste (purjetamine, 470) 1992<\/p>\n<\/li>\n<\/ul>\n<p>Kuidas see lugu Sind end tundma pani? Saada <a href=\"https:\/\/sport.delfi.ee\/artikkel\/120591977\/kahekordne-euroopa-meister-katrina-lehis-kordas-niina-petrokina-haruldast-saavutust\/kommentaarid\" class=\"article-body-bottom__comment article-body-bottom__comment--write button button--primary button--size-auto\" rel=\"nofollow noopener\" target=\"_blank\"> Kommenteeri <\/a><a href=\"https:\/\/sport.delfi.ee\/artikkel\/120591977\/kahekordne-euroopa-meister-katrina-lehis-kordas-niina-petrokina-haruldast-saavutust\/kommentaarid\" class=\"article-body-bottom__comment article-body-bottom__comment--read button button--size-auto\" rel=\"nofollow noopener\" target=\"_blank\"> Loe kommentaare (3)<\/a><\/p>\n","protected":false},"excerpt":{"rendered":"31-aastane Lehis alistas neljap\u00e4evases finaalis sakslanna Alexandra Ehleri 15:10. Sellega kordas eestlanna 2018. aasta saavutust, mil ta samuti&hellip;\n","protected":false},"author":2,"featured_media":207877,"comment_status":"","ping_status":"","sticky":false,"template":"","format":"standard","meta":{"footnotes":"","_share_on_mastodon":"0"},"categories":[18],"tags":[37,33,35,34,36,2311,6345,888,159,158,6344],"class_list":["post-207876","post","type-post","status-publish","format-standard","has-post-thumbnail","category-sport","tag-ee","tag-eesti","tag-eesti-keel","tag-estonia","tag-estonian","tag-euroopa-meistrivoistlused","tag-katrina-lehis","tag-niina-petrokina","tag-sport","tag-sports","tag-vehklemine"],"share_on_mastodon":{"url":"https:\/\/pubeurope.com\/@ee\/116773745231564046","error":""},"_links":{"self":[{"href":"https:\/\/www.europesays.com\/ee\/wp-json\/wp\/v2\/posts\/207876","targetHints":{"allow":["GET"]}}],"collection":[{"href":"https:\/\/www.europesays.com\/ee\/wp-json\/wp\/v2\/posts"}],"about":[{"href":"https:\/\/www.europesays.com\/ee\/wp-json\/wp\/v2\/types\/post"}],"author":[{"embeddable":true,"href":"https:\/\/www.europesays.com\/ee\/wp-json\/wp\/v2\/users\/2"}],"replies":[{"embeddable":true,"href":"https:\/\/www.europesays.com\/ee\/wp-json\/wp\/v2\/comments?post=207876"}],"version-history":[{"count":0,"href":"https:\/\/www.europesays.com\/ee\/wp-json\/wp\/v2\/posts\/207876\/revisions"}],"wp:featuredmedia":[{"embeddable":true,"href":"https:\/\/www.europesays.com\/ee\/wp-json\/wp\/v2\/media\/207877"}],"wp:attachment":[{"href":"https:\/\/www.europesays.com\/ee\/wp-json\/wp\/v2\/media?parent=207876"}],"wp:term":[{"taxonomy":"category","embeddable":true,"href":"https:\/\/www.europesays.com\/ee\/wp-json\/wp\/v2\/categories?post=207876"},{"taxonomy":"post_tag","embeddable":true,"href":"https:\/\/www.europesays.com\/ee\/wp-json\/wp\/v2\/tags?post=207876"}],"curies":[{"name":"wp","href":"https:\/\/api.w.org\/{rel}","templated":true}]}}