{"id":207895,"date":"2026-06-19T02:04:17","date_gmt":"2026-06-19T02:04:17","guid":{"rendered":"https:\/\/www.europesays.com\/ee\/207895\/"},"modified":"2026-06-19T02:04:17","modified_gmt":"2026-06-19T02:04:17","slug":"jaani-kogudus-tahab-unikaalse-kunstimuuseumi-ruumide-rendihinda-60-protsendi-vorra-tosta","status":"publish","type":"post","link":"https:\/\/www.europesays.com\/ee\/207895\/","title":{"rendered":"Jaani kogudus tahab unikaalse kunstimuuseumi ruumide rendihinda 60 protsendi v\u00f5rra t\u00f5sta"},"content":{"rendered":"<p>Viljandi Jaani kogudus soovib Kondase keskuse kasutuses olevate ruumide eest linnalt edaspidi 60 protsenti k\u00f5rgemat renditasu p\u00f5hjendusega, et poolteist aastat tagasi kokkulepitud hind pole enam majanduslikult m\u00f5istlik. Kondase keskuse juht ei n\u00e4e t\u00f5siseltv\u00f5etavat v\u00f5imalust, et Eestis ainulaadset kunstimuuseumi saaks linnas m\u00f5nda teise majja kolida.<\/p>\n","protected":false},"excerpt":{"rendered":"Viljandi Jaani kogudus soovib Kondase keskuse kasutuses olevate ruumide eest linnalt edaspidi 60 protsenti k\u00f5rgemat renditasu p\u00f5hjendusega, et&hellip;\n","protected":false},"author":2,"featured_media":207896,"comment_status":"","ping_status":"","sticky":false,"template":"","format":"standard","meta":{"footnotes":"","_share_on_mastodon":"0"},"categories":[5],"tags":[622,26,27,37,33,35,34,36,31,32,1780,21,1781,28,29,1778,1773,19,1774,25,1771,1779,23,24,196,22,20,30,986,1782,1776,1777,1775,1772,1784,1785,1783,598],"class_list":["post-207895","post","type-post","status-publish","format-standard","has-post-thumbnail","category-uldised-uudised","tag-ajakirjandus","tag-breaking-news","tag-breakingnews","tag-ee","tag-eesti","tag-eesti-keel","tag-estonia","tag-estonian","tag-featured-news","tag-featurednews","tag-folk","tag-headlines","tag-kultuuriakadeemia","tag-latest-news","tag-latestnews","tag-mulgi-vald","tag-mulgimaa","tag-news","tag-pohja-sakala","tag-populaarseimad-lood","tag-sakala","tag-soomaa","tag-top-stories","tag-topstories","tag-ugala","tag-uldised-uudised","tag-uudised","tag-viimased-uudised","tag-viljandi","tag-viljandi-haigla","tag-viljandi-linn","tag-viljandi-uudised","tag-viljandi-vald","tag-viljandimaa","tag-viljandimaa-ettevotlus","tag-viljandimaa-sundmused","tag-viljandimaa-uudised","tag-vortsjarv"],"share_on_mastodon":{"url":"","error":"Validation failed: Text character limit of 500 exceeded"},"_links":{"self":[{"href":"https:\/\/www.europesays.com\/ee\/wp-json\/wp\/v2\/posts\/207895","targetHints":{"allow":["GET"]}}],"collection":[{"href":"https:\/\/www.europesays.com\/ee\/wp-json\/wp\/v2\/posts"}],"about":[{"href":"https:\/\/www.europesays.com\/ee\/wp-json\/wp\/v2\/types\/post"}],"author":[{"embeddable":true,"href":"https:\/\/www.europesays.com\/ee\/wp-json\/wp\/v2\/users\/2"}],"replies":[{"embeddable":true,"href":"https:\/\/www.europesays.com\/ee\/wp-json\/wp\/v2\/comments?post=207895"}],"version-history":[{"count":0,"href":"https:\/\/www.europesays.com\/ee\/wp-json\/wp\/v2\/posts\/207895\/revisions"}],"wp:featuredmedia":[{"embeddable":true,"href":"https:\/\/www.europesays.com\/ee\/wp-json\/wp\/v2\/media\/207896"}],"wp:attachment":[{"href":"https:\/\/www.europesays.com\/ee\/wp-json\/wp\/v2\/media?parent=207895"}],"wp:term":[{"taxonomy":"category","embeddable":true,"href":"https:\/\/www.europesays.com\/ee\/wp-json\/wp\/v2\/categories?post=207895"},{"taxonomy":"post_tag","embeddable":true,"href":"https:\/\/www.europesays.com\/ee\/wp-json\/wp\/v2\/tags?post=207895"}],"curies":[{"name":"wp","href":"https:\/\/api.w.org\/{rel}","templated":true}]}}