{"id":207897,"date":"2026-06-19T02:11:10","date_gmt":"2026-06-19T02:11:10","guid":{"rendered":"https:\/\/www.europesays.com\/ee\/207897\/"},"modified":"2026-06-19T02:11:10","modified_gmt":"2026-06-19T02:11:10","slug":"nadal-meenutab-wimbledoni-voit-oli-mu-karjaari-koige-emotsionaalsem-tennis","status":"publish","type":"post","link":"https:\/\/www.europesays.com\/ee\/207897\/","title":{"rendered":"Nadal meenutab: Wimbledoni v\u00f5it oli mu karj\u00e4\u00e4ri k\u00f5ige emotsionaalsem | Tennis"},"content":{"rendered":"<p>2008. aasta Wimbledoni finaali peetakse \u00fcheks k\u00f5igi aegade parimaks tennisemat\u0161iks. BBC-le antud intervjuus nimetas Rafael Nadal oma toonast v\u00f5itu Roger Federeri \u00fcle kogu karj\u00e4\u00e4ri k\u00f5ige emotsionaalsemaks hetkeks.<\/p>\n<p>22-kordne suure sl\u00e4mmi turniiride v\u00f5itja meentuas ajaloolist viiesetilist finaali Roger Federeri vastu, mis l\u00f5ppes alles \u00f5htuh\u00e4maruses p\u00e4rast vihmapausidest pikaks veninud lahingut.<\/p>\n<p>&#8220;P\u00e4rast k\u00f5ike, mis selle mat\u0161i jooksul juhtus, suutis finaalis v\u00f5ita maailma parima muruv\u00e4ljakum\u00e4ngija. See oli midagi, mille \u00fcle olin v\u00e4ga uhke,&#8221; \u00fctles Nadal.<\/p>\n<p>Toona 22-aastane hispaanlane oli enne seda kaotanud Federerile kaks j\u00e4rjestikust Wimbledoni finaali. 2008. aastal tundis ta aga, et on l\u00f5puks valmis \u0161veitslast troonilt t\u00f5ukama.<\/p>\n<p>&#8220;Olin juba kaks finaali kaotanud. 2008. aastal tundsin, et olen valmis. Minu jaoks oli Wimbledoni v\u00f5itmine tohutu eesm\u00e4rk,&#8221; r\u00e4\u00e4kis ta.<\/p>\n<p>Nadal tunnistas, et ehkki see oli tema karj\u00e4\u00e4ri \u00fcks suurimaid saavutusi, ei osanud ta kunagi tehtuga pikalt rahul olla.<\/p>\n<p>&#8220;Olin selle saavutanud, aga pidin edasi pingutama. Nii on mu m\u00f5istus kogu tennisekarj\u00e4\u00e4ri jooksul t\u00f6\u00f6tanud,&#8221; s\u00f5nas ta. &#8220;Ma ei olnud kunagi sajaprotsendiliselt rahul.&#8221;<\/p>\n<p>Hispaanlane r\u00e4\u00e4kis ka sellest, et teda peeti aastaid eelk\u00f5ige saviliivav\u00e4ljakute spetsialistiks. Kuigi ta v\u00f5itis Roland Garrosis koguni rekordilised 14 tiitlit , ei kahelnud ta ise kunagi, et suudab l\u00e4bi l\u00fc\u00fca ka teistel katetel.<\/p>\n<p>&#8220;Mul oli alati eesm\u00e4rk m\u00e4ngida h\u00e4sti murul ja k\u00f5val v\u00e4ljakul, et saada terviklikuks m\u00e4ngijaks. Ma ei pidanud ennast kunagi ainult saviv\u00e4ljaku m\u00e4ngijaks,&#8221; \u00fctles Nadal.<\/p>\n<p>Ta meenutas ka oma karj\u00e4\u00e4ri algusaastaid, tunnistades, et p\u00e4rast esimest Roland Garrosi v\u00f5itu 2005. aastal ei harjutanud ta murul \u00fcldse. Tagantj\u00e4rele peab ta seda \u00fcheks oma karj\u00e4\u00e4ri suurimaks eksimuseks. J\u00e4rgmisel aastal muutis ta oma ettevalmistust ning j\u00f5udis juba Wimbledoni finaali.<\/p>\n<p>2008. aasta finaalis juhtis Nadal kahe setiga, kuid Federer tuli m\u00e4ngu tagasi ja viis kohtumise otsustavasse setti. Vihma t\u00f5ttu katkenud finaali ajal keskendus hispaanlane eelk\u00f5ige sellele, et vaimselt tugevaks j\u00e4\u00e4da.<\/p>\n<p>&#8220;Kui Roger m\u00e4ngib minust paremini, siis olgu. Aga ma ei saa vaimselt l\u00e4bi kukkuda. See oli minu tegelik eesm\u00e4rk,&#8221; s\u00f5nas ta. &#8220;L\u00e4ksin p\u00e4rast vihmapausi v\u00e4ljakule tagasi kindla otsusega v\u00f5idelda l\u00f5puni.&#8221;<\/p>\n<p>Nadal v\u00f5itis l\u00f5puks otsustava seti 9:7 ning t\u00f5stis esimest korda Wimbledoni v\u00f5idukarika. Tagantj\u00e4rele peab Nadal seda v\u00f5itu hetkeks, mis andis talle kindluse, et ta suudab v\u00f5ita igal v\u00e4ljakukattel.<\/p>\n","protected":false},"excerpt":{"rendered":"2008. aasta Wimbledoni finaali peetakse \u00fcheks k\u00f5igi aegade parimaks tennisemat\u0161iks. BBC-le antud intervjuus nimetas Rafael Nadal oma toonast&hellip;\n","protected":false},"author":2,"featured_media":207898,"comment_status":"","ping_status":"","sticky":false,"template":"","format":"standard","meta":{"footnotes":"","_share_on_mastodon":"0"},"categories":[18],"tags":[37,33,35,34,36,6778,8355,159,158,84807],"class_list":["post-207897","post","type-post","status-publish","format-standard","has-post-thumbnail","category-sport","tag-ee","tag-eesti","tag-eesti-keel","tag-estonia","tag-estonian","tag-rafael-nadal","tag-roger-federer","tag-sport","tag-sports","tag-wimbledon-2008"],"share_on_mastodon":{"url":"https:\/\/pubeurope.com\/@ee\/116774350703991178","error":""},"_links":{"self":[{"href":"https:\/\/www.europesays.com\/ee\/wp-json\/wp\/v2\/posts\/207897","targetHints":{"allow":["GET"]}}],"collection":[{"href":"https:\/\/www.europesays.com\/ee\/wp-json\/wp\/v2\/posts"}],"about":[{"href":"https:\/\/www.europesays.com\/ee\/wp-json\/wp\/v2\/types\/post"}],"author":[{"embeddable":true,"href":"https:\/\/www.europesays.com\/ee\/wp-json\/wp\/v2\/users\/2"}],"replies":[{"embeddable":true,"href":"https:\/\/www.europesays.com\/ee\/wp-json\/wp\/v2\/comments?post=207897"}],"version-history":[{"count":0,"href":"https:\/\/www.europesays.com\/ee\/wp-json\/wp\/v2\/posts\/207897\/revisions"}],"wp:featuredmedia":[{"embeddable":true,"href":"https:\/\/www.europesays.com\/ee\/wp-json\/wp\/v2\/media\/207898"}],"wp:attachment":[{"href":"https:\/\/www.europesays.com\/ee\/wp-json\/wp\/v2\/media?parent=207897"}],"wp:term":[{"taxonomy":"category","embeddable":true,"href":"https:\/\/www.europesays.com\/ee\/wp-json\/wp\/v2\/categories?post=207897"},{"taxonomy":"post_tag","embeddable":true,"href":"https:\/\/www.europesays.com\/ee\/wp-json\/wp\/v2\/tags?post=207897"}],"curies":[{"name":"wp","href":"https:\/\/api.w.org\/{rel}","templated":true}]}}