{"id":207939,"date":"2026-06-19T04:05:11","date_gmt":"2026-06-19T04:05:11","guid":{"rendered":"https:\/\/www.europesays.com\/ee\/207939\/"},"modified":"2026-06-19T04:05:11","modified_gmt":"2026-06-19T04:05:11","slug":"eisa-vuntsis-eesti-brandi-muutunud-maailmale-sobivamaks-eesti","status":"publish","type":"post","link":"https:\/\/www.europesays.com\/ee\/207939\/","title":{"rendered":"EISA vuntsis Eesti br\u00e4ndi muutunud maailmale sobivamaks | Eesti"},"content":{"rendered":"<p>Ettev\u00f5tluse ja innovatsiooni sihtasutus (EISA) uuendas Eesti br\u00e4ndis\u00fcsteemi, muu hulgas kohendati kirjafonti Aino, rahnus\u00fcmbolit ja br\u00e4ndi v\u00e4rve. EISA andmetel kasutab Eesti disainis\u00fcsteemi sadakond ettev\u00f5tet.<\/p>\n<p>2017. aastal tutvustas EISA eelk\u00e4ija EAS Eesti promomaterjale, millest enim t\u00e4helepanu sai rahvasuus oksendava siili h\u00fc\u00fcdnime p\u00e4lvinud r\u00e4ndrahnumotiiv. Ehkki juba sama aasta l\u00f5puks oli see konkreetne kujutis k\u00f5rvale heidetud, on Eesti br\u00e4nd t\u00e4nini kasutusel ja \u00e4sja tutvustati selle uuendatud versiooni.<\/p>\n<p>EISA br\u00e4ndi ja kampaaniate tiimijuht Eliis Randver \u00fctles ERR-ile, et uuendamisvajadus tulenes asjaolust, et kasutuselolev disainis\u00fcsteem p\u00fcsis alates loomisest \u00fcsna \u00fchesugusena, samas kui maailm on vahepeal palju muutunud ja ka rakendused, kus s\u00fcsteemi kasutatakse, vajavad teistsuguseid lahendusi.<\/p>\n<p>&#8220;Eesti br\u00e4ndi disainis\u00fcsteemi v\u00e4rskendamise k\u00e4igus uuendati k\u00f5igi oluliste br\u00e4ndielementide kasutusloogikat, v\u00e4ljan\u00e4gemist ja \u00fcle\u00fcldist disainikeele stiili, mis visuaalset identiteeti kujundab,&#8221; s\u00f5nas Randver.<\/p>\n<p>T\u00e4nap\u00e4evastele rakendustele ja lahendustele kohandati nii br\u00e4ndi v\u00e4rve, Eestile unikaalset kirjafonti Aino, v\u00e4rskendati animatsiooni- ja illustratsioonikeelt, t\u00e4iendati rahnus\u00fcmboli versioone ja koostati uued br\u00e4ndis\u00fcsteemi kasutamise juhised.<\/p>\n<p>Kui k\u00fcmmekonna aasta eest kulus Eesti br\u00e4ndi loomisele 250 000 eurot, siis n\u00fc\u00fcd tegi Randveri s\u00f5nul t\u00e4htsama osa t\u00f6\u00f6st \u00e4ra EISA meeskond, disainiuuendusele kaasatud agentuuri t\u00f6\u00f6tasu oli aga umbes 25 000 eurot.<\/p>\n<p>Ennek\u00f5ike kasutab Eesti br\u00e4ndi disainis\u00fcsteemi EISA ise, olles peamine riigiturundusega tegelev organisatsioon Eestis. See s\u00fcsteem on EISA-l kasutusel nii ettev\u00f5tjatele suunatud teavitustes kui ka k\u00f5igis rahvusvahelistes tegevustes, olgu selleks eksporti v\u00f5i investeeringuidtoetavad tegevused, turismiturundus, v\u00e4listalentide kaasamine v\u00f5i muu.<\/p>\n<p>&#8220;S\u00fcsteemi kasutajate ring on aga oluliselt laiem, koosnedes peamiselt erinevatest avaliku sektori asutustest, erialaliitudest ja katuseorganisatsioonidest. Organisatsioone, kes moel v\u00f5i teisel disainis\u00fcsteemi ja selle t\u00f6\u00f6riistu kasutavad, on Eestis hinnanguliselt kindlasti sadakond v\u00f5i enam,&#8221; \u00fctles Randver.<\/p>\n<p>Katsed Eestile \u00fchtset br\u00e4ndi luua on \u00fchiskonnas alati kirgi tekitanud. 2002. aastal tuldi avalikkuse ette Eesti rahvusvaheliseks turundamiseks m\u00f5eldud loosungiga &#8220;Welcome to Estonia&#8221;, mille puhul tekitas palju kriitikat nii selle hind &#8211; 13 miljonit krooni, kui ka disain.<\/p>\n<p><img decoding=\"async\" data-photo-id=\"3665077\" src=\"https:\/\/www.europesays.com\/ee\/wp-content\/uploads\/2026\/06\/3665077hab61t24.jpg\"\/>Brand Estonia kodulehel olevad juhendid rahnumotiivi kasutamiseks Eesti turundamisel. Autor\/allikas: kuvat\u00f5mmis<\/p>\n","protected":false},"excerpt":{"rendered":"Ettev\u00f5tluse ja innovatsiooni sihtasutus (EISA) uuendas Eesti br\u00e4ndis\u00fcsteemi, muu hulgas kohendati kirjafonti Aino, rahnus\u00fcmbolit ja br\u00e4ndi v\u00e4rve. EISA&hellip;\n","protected":false},"author":2,"featured_media":207940,"comment_status":"","ping_status":"","sticky":false,"template":"","format":"standard","meta":{"footnotes":"","_share_on_mastodon":"0"},"categories":[5],"tags":[84815,26,27,37,33,84814,84816,35,2987,34,36,31,32,21,28,29,19,25,23,24,22,20,30],"class_list":["post-207939","post","type-post","status-publish","format-standard","has-post-thumbnail","category-uldised-uudised","tag-brand-estonia","tag-breaking-news","tag-breakingnews","tag-ee","tag-eesti","tag-eesti-brand","tag-eesti-disainisusteem","tag-eesti-keel","tag-eisa","tag-estonia","tag-estonian","tag-featured-news","tag-featurednews","tag-headlines","tag-latest-news","tag-latestnews","tag-news","tag-populaarseimad-lood","tag-top-stories","tag-topstories","tag-uldised-uudised","tag-uudised","tag-viimased-uudised"],"share_on_mastodon":{"url":"https:\/\/pubeurope.com\/@ee\/116774799228314524","error":""},"_links":{"self":[{"href":"https:\/\/www.europesays.com\/ee\/wp-json\/wp\/v2\/posts\/207939","targetHints":{"allow":["GET"]}}],"collection":[{"href":"https:\/\/www.europesays.com\/ee\/wp-json\/wp\/v2\/posts"}],"about":[{"href":"https:\/\/www.europesays.com\/ee\/wp-json\/wp\/v2\/types\/post"}],"author":[{"embeddable":true,"href":"https:\/\/www.europesays.com\/ee\/wp-json\/wp\/v2\/users\/2"}],"replies":[{"embeddable":true,"href":"https:\/\/www.europesays.com\/ee\/wp-json\/wp\/v2\/comments?post=207939"}],"version-history":[{"count":0,"href":"https:\/\/www.europesays.com\/ee\/wp-json\/wp\/v2\/posts\/207939\/revisions"}],"wp:featuredmedia":[{"embeddable":true,"href":"https:\/\/www.europesays.com\/ee\/wp-json\/wp\/v2\/media\/207940"}],"wp:attachment":[{"href":"https:\/\/www.europesays.com\/ee\/wp-json\/wp\/v2\/media?parent=207939"}],"wp:term":[{"taxonomy":"category","embeddable":true,"href":"https:\/\/www.europesays.com\/ee\/wp-json\/wp\/v2\/categories?post=207939"},{"taxonomy":"post_tag","embeddable":true,"href":"https:\/\/www.europesays.com\/ee\/wp-json\/wp\/v2\/tags?post=207939"}],"curies":[{"name":"wp","href":"https:\/\/api.w.org\/{rel}","templated":true}]}}