{"id":208133,"date":"2026-06-19T07:45:12","date_gmt":"2026-06-19T07:45:12","guid":{"rendered":"https:\/\/www.europesays.com\/ee\/208133\/"},"modified":"2026-06-19T07:45:12","modified_gmt":"2026-06-19T07:45:12","slug":"katrina-lehis-tuli-euroopa-meistriks","status":"publish","type":"post","link":"https:\/\/www.europesays.com\/ee\/208133\/","title":{"rendered":"Katrina Lehis tuli Euroopa meistriks"},"content":{"rendered":"<p>            <a href=\"https:\/\/online.le.ee\/wp-content\/uploads\/2025\/06\/katrina-lehis_Augusto-Bizzi-2-e1750093783857.jpg\" data-caption=\"Katrina Lehis. Foto: BizziTeam\" rel=\"nofollow noopener\" target=\"_blank\"><img loading=\"lazy\" width=\"696\" height=\"574\" class=\"entry-thumb td-modal-image lazyload\" alt=\"\" title=\"katrina lehis_Augusto Bizzi (2)\" src=\"https:\/\/www.europesays.com\/ee\/wp-content\/uploads\/2026\/06\/katrina-lehis_Augusto-Bizzi-2-e1750093783857-696x574.jpg\" decoding=\"async\"  data- data-eio-rwidth=\"696\" data-eio-rheight=\"574\"\/><\/a>Katrina Lehis. Foto: BizziTeam<\/p>\n<p> Katrina Lehis. Foto: BizziTeam<\/p>\n<p>Katrina Lehis tuli neljap\u00e4eval Prantsusmaal Antonys peetud vehklemise Euroopa meistriv\u00f5istlustel naiste individuaalsel epeeturniiril Euroopa meistriks.<\/p>\n<p>Alagrupis v\u00f5itis Lehis kuuest mat\u0161ist neli ja sai p\u00f5hitabelis 30. asetuse.<\/p>\n<p>Esimese mat\u0161i rumeenlanna Emma Sontiga v\u00f5itis enamiku ajast kaotusseisus olnud Lehis lisaajal 9:8.\u00a0Teises ringis oli ta 15:12 \u00fcle rootslannast Elvia Martenssonist ja 1\/8finaalis sama tulemusega ungarlannast Blanka Nagyst (Ungari).<\/p>\n<p>Artikkel j\u00e4tkub peale reklaami<img loading=\"lazy\" decoding=\"async\" class=\"aligncenter size-full wp-image-387649\" src=\"https:\/\/www.europesays.com\/ee\/wp-content\/uploads\/2026\/06\/1781855112_593_tasuline.png\" alt=\"\" width=\"688\" height=\"101\" data-eio=\"l\"\/><\/a><\/p>\n<p>Reklaam<\/p>\n","protected":false},"excerpt":{"rendered":"Katrina Lehis. Foto: BizziTeam Katrina Lehis. Foto: BizziTeam Katrina Lehis tuli neljap\u00e4eval Prantsusmaal Antonys peetud vehklemise Euroopa meistriv\u00f5istlustel&hellip;\n","protected":false},"author":2,"featured_media":208134,"comment_status":"","ping_status":"","sticky":false,"template":"","format":"standard","meta":{"footnotes":"","_share_on_mastodon":"0"},"categories":[5],"tags":[26,27,37,33,35,34,36,2311,31,32,21,6345,28,29,19,25,23,24,22,20,6344,30],"class_list":["post-208133","post","type-post","status-publish","format-standard","has-post-thumbnail","category-uldised-uudised","tag-breaking-news","tag-breakingnews","tag-ee","tag-eesti","tag-eesti-keel","tag-estonia","tag-estonian","tag-euroopa-meistrivoistlused","tag-featured-news","tag-featurednews","tag-headlines","tag-katrina-lehis","tag-latest-news","tag-latestnews","tag-news","tag-populaarseimad-lood","tag-top-stories","tag-topstories","tag-uldised-uudised","tag-uudised","tag-vehklemine","tag-viimased-uudised"],"share_on_mastodon":{"url":"https:\/\/pubeurope.com\/@ee\/116775664283117389","error":""},"_links":{"self":[{"href":"https:\/\/www.europesays.com\/ee\/wp-json\/wp\/v2\/posts\/208133","targetHints":{"allow":["GET"]}}],"collection":[{"href":"https:\/\/www.europesays.com\/ee\/wp-json\/wp\/v2\/posts"}],"about":[{"href":"https:\/\/www.europesays.com\/ee\/wp-json\/wp\/v2\/types\/post"}],"author":[{"embeddable":true,"href":"https:\/\/www.europesays.com\/ee\/wp-json\/wp\/v2\/users\/2"}],"replies":[{"embeddable":true,"href":"https:\/\/www.europesays.com\/ee\/wp-json\/wp\/v2\/comments?post=208133"}],"version-history":[{"count":0,"href":"https:\/\/www.europesays.com\/ee\/wp-json\/wp\/v2\/posts\/208133\/revisions"}],"wp:featuredmedia":[{"embeddable":true,"href":"https:\/\/www.europesays.com\/ee\/wp-json\/wp\/v2\/media\/208134"}],"wp:attachment":[{"href":"https:\/\/www.europesays.com\/ee\/wp-json\/wp\/v2\/media?parent=208133"}],"wp:term":[{"taxonomy":"category","embeddable":true,"href":"https:\/\/www.europesays.com\/ee\/wp-json\/wp\/v2\/categories?post=208133"},{"taxonomy":"post_tag","embeddable":true,"href":"https:\/\/www.europesays.com\/ee\/wp-json\/wp\/v2\/tags?post=208133"}],"curies":[{"name":"wp","href":"https:\/\/api.w.org\/{rel}","templated":true}]}}