{"id":208262,"date":"2026-06-19T09:55:06","date_gmt":"2026-06-19T09:55:06","guid":{"rendered":"https:\/\/www.europesays.com\/ee\/208262\/"},"modified":"2026-06-19T09:55:06","modified_gmt":"2026-06-19T09:55:06","slug":"suuroperatsioon-%e2%9f%a9-soome-vaikelinna-pitsabaar-sai-nato-soduritelt-rekordtellimuse","status":"publish","type":"post","link":"https:\/\/www.europesays.com\/ee\/208262\/","title":{"rendered":"SUUROPERATSIOON \u27e9 Soome v\u00e4ikelinna pitsabaar sai NATO s\u00f5duritelt rekordtellimuse"},"content":{"rendered":"<p>S\u00f5durid tulid oma hiigeltellimusele j\u00e4rele v\u00e4ikese kastiautoga, r\u00e4\u00e4gib pitsabaari omanik Matti Huotari <a target=\"_blank\" rel=\"noopener noreferrer nofollow\" href=\"https:\/\/yle.fi\/a\/74-20232172\">YLE<\/a>-le. \u00abMehed sidusid pitsakarbid auto kasti peale koormarihmadega kinni,\u00bb meenutab Huotari muigega.<\/p>\n<p>S\u00f5durid tegid telefoni teel kaks tellimust. Esimene ja suurem ports pitsasid telliti ennel\u00f5unal, teine p\u00e4rastl\u00f5unal. Kokku ostsid poolakad \u00fche p\u00e4eva jooksul umbes sada pitsat, mis oli pitsabaari k\u00f6\u00f6gi jaoks paras v\u00e4ljakutse.<\/p>\n<p>\u00abM\u00f5tlesime kohe, et mis n\u00fc\u00fcd toimub ja uurisime tausta. Kui k\u00f5ne tuli, m\u00f5tlesime, kas see saab \u00fcldse t\u00f5si olla. Kuid saime kiiresti aru, et tegu on t\u00e4iesti \u00f5ige tellimusega,\u00bb r\u00e4\u00e4gib Huotari. Omanikule meenub, et s\u00f5durid tellisid peamiselt rammusaid lihakattega pitsasi.<\/p>\n<p>Suurim tellimus ettev\u00f5tte ajaloos<\/p>\n<p>Omaniku hinnangul oli see k\u00f5ige suurem \u00fchekordne tellimus, mida ta oma ettev\u00f5ttes n\u00e4inud on. Tavaliselt teevad suuremaid tellimusi vaid kohalikud ettev\u00f5tted v\u00f5i \u00fchingud.<\/p>\n<p>\u00d5ppuste ajal oli pitsabaari m\u00fc\u00fck tavap\u00e4rasest m\u00e4rgatavalt suurem. \u00abTeadsime, et l\u00e4hedal asuval pol\u00fcgoonil toimuvad suured NATO \u00f5ppused. Olime valmis, et see v\u00f5ib ka meie pitsam\u00fc\u00fcki kasvatada,\u00bb s\u00f5nab ettev\u00f5tja. Tema s\u00f5nul on s\u00f5durite kohalolust kasu kogu v\u00e4ikelinnale, sest mehed k\u00e4ivad linnas asju ajamas ja ostlemas.<\/p>\n<p>Lahingu\u00f5ppusel osales kokku 4500 s\u00f5durit Soomest, \u00dchendkuningriigist, USA-st, Itaaliast, Ungarist, Prantsusmaalt ja Poolast.<\/p>\n","protected":false},"excerpt":{"rendered":"S\u00f5durid tulid oma hiigeltellimusele j\u00e4rele v\u00e4ikese kastiautoga, r\u00e4\u00e4gib pitsabaari omanik Matti Huotari YLE-le. \u00abMehed sidusid pitsakarbid auto kasti&hellip;\n","protected":false},"author":2,"featured_media":208263,"comment_status":"","ping_status":"","sticky":false,"template":"","format":"standard","meta":{"footnotes":"","_share_on_mastodon":"0"},"categories":[80],"tags":[3427,26,27,37,33,35,1644,34,36,31,32,21,691,2670,6678,28,29,95,6679,3900,19,25,1440,6681,6684,6683,23,24,22,20,6680,30,6682,92,93,94],"class_list":["post-208262","post","type-post","status-publish","format-standard","has-post-thumbnail","category-maailm","tag-aed","tag-breaking-news","tag-breakingnews","tag-ee","tag-eesti","tag-eesti-keel","tag-ehitus","tag-estonia","tag-estonian","tag-featured-news","tag-featurednews","tag-headlines","tag-kinnisvara","tag-kodu","tag-korter","tag-latest-news","tag-latestnews","tag-maailm","tag-maja","tag-muuk","tag-news","tag-populaarseimad-lood","tag-remont","tag-rent","tag-sisekujundus","tag-sisustus","tag-top-stories","tag-topstories","tag-uldised-uudised","tag-uudised","tag-uur","tag-viimased-uudised","tag-viimistlus","tag-world","tag-world-news","tag-worldnews"],"share_on_mastodon":{"url":"https:\/\/pubeurope.com\/@ee\/116776175262977525","error":""},"_links":{"self":[{"href":"https:\/\/www.europesays.com\/ee\/wp-json\/wp\/v2\/posts\/208262","targetHints":{"allow":["GET"]}}],"collection":[{"href":"https:\/\/www.europesays.com\/ee\/wp-json\/wp\/v2\/posts"}],"about":[{"href":"https:\/\/www.europesays.com\/ee\/wp-json\/wp\/v2\/types\/post"}],"author":[{"embeddable":true,"href":"https:\/\/www.europesays.com\/ee\/wp-json\/wp\/v2\/users\/2"}],"replies":[{"embeddable":true,"href":"https:\/\/www.europesays.com\/ee\/wp-json\/wp\/v2\/comments?post=208262"}],"version-history":[{"count":0,"href":"https:\/\/www.europesays.com\/ee\/wp-json\/wp\/v2\/posts\/208262\/revisions"}],"wp:featuredmedia":[{"embeddable":true,"href":"https:\/\/www.europesays.com\/ee\/wp-json\/wp\/v2\/media\/208263"}],"wp:attachment":[{"href":"https:\/\/www.europesays.com\/ee\/wp-json\/wp\/v2\/media?parent=208262"}],"wp:term":[{"taxonomy":"category","embeddable":true,"href":"https:\/\/www.europesays.com\/ee\/wp-json\/wp\/v2\/categories?post=208262"},{"taxonomy":"post_tag","embeddable":true,"href":"https:\/\/www.europesays.com\/ee\/wp-json\/wp\/v2\/tags?post=208262"}],"curies":[{"name":"wp","href":"https:\/\/api.w.org\/{rel}","templated":true}]}}