{"id":208280,"date":"2026-06-19T10:15:16","date_gmt":"2026-06-19T10:15:16","guid":{"rendered":"https:\/\/www.europesays.com\/ee\/208280\/"},"modified":"2026-06-19T10:15:16","modified_gmt":"2026-06-19T10:15:16","slug":"euroopa-meister-katrina-lehis-ukski-voit-ei-tule-kergelt","status":"publish","type":"post","link":"https:\/\/www.europesays.com\/ee\/208280\/","title":{"rendered":"Euroopa meister Katrina Lehis: \u00fckski v\u00f5it ei tule kergelt"},"content":{"rendered":"<p>            <a href=\"https:\/\/online.le.ee\/wp-content\/uploads\/2026\/06\/726938379_1633907674856902_1821002358416933315_n.jpg\" data-caption=\"Katrina Lehis on Euroopa meister. Foto: Augusto Bizzi\" rel=\"nofollow noopener\" target=\"_blank\"><img loading=\"lazy\" width=\"696\" height=\"464\" class=\"entry-thumb td-modal-image lazyload\" alt=\"\" title=\"726938379_1633907674856902_1821002358416933315_n\" src=\"https:\/\/www.europesays.com\/ee\/wp-content\/uploads\/2026\/06\/726938379_1633907674856902_1821002358416933315_n-696x464.jpg\" decoding=\"async\"  data- data-eio-rwidth=\"696\" data-eio-rheight=\"464\"\/><\/a>Katrina Lehis on Euroopa meister. Foto: Augusto Bizzi<\/p>\n<p> Katrina Lehis on Euroopa meister. Foto: Augusto Bizzi<\/p>\n<p>Haapsalust p\u00e4rit vehkleja Katrina Lehis tuli Prantsusmaal peetavatel Euroopa meistriv\u00f5istlustel esikohale.<\/p>\n<p>\u201e\u00dckski v\u00f5it ei tule kergelt, vahet pole, mis skoor on,\u201d \u00fctles Lehis L\u00e4\u00e4ne Elule. \u201eV\u00f5istlesin v\u00f5iduka l\u00f5puni.\u201d<\/p>\n<p>V\u00f5istlused ei alanud Lehisele ladusalt: alagrupis sai ta kuuest mat\u0161ist neli v\u00f5itu ja kaotas kaks. Sellega sai ta 29. asetuse.<\/p>\n<p>Artikkel j\u00e4tkub peale reklaami<img loading=\"lazy\" decoding=\"async\" class=\"aligncenter size-full wp-image-387649\" src=\"https:\/\/www.europesays.com\/ee\/wp-content\/uploads\/2026\/06\/1781862075_491_tasuline.png\" alt=\"\" width=\"688\" height=\"101\" data-eio=\"l\"\/><\/a><\/p>\n<p>Reklaam<\/p>\n","protected":false},"excerpt":{"rendered":"Katrina Lehis on Euroopa meister. Foto: Augusto Bizzi Katrina Lehis on Euroopa meister. Foto: Augusto Bizzi Haapsalust p\u00e4rit&hellip;\n","protected":false},"author":2,"featured_media":208281,"comment_status":"","ping_status":"","sticky":false,"template":"","format":"standard","meta":{"footnotes":"","_share_on_mastodon":"0"},"categories":[18],"tags":[37,33,35,34,36,2311,6345,159,158,6344],"class_list":["post-208280","post","type-post","status-publish","format-standard","has-post-thumbnail","category-sport","tag-ee","tag-eesti","tag-eesti-keel","tag-estonia","tag-estonian","tag-euroopa-meistrivoistlused","tag-katrina-lehis","tag-sport","tag-sports","tag-vehklemine"],"share_on_mastodon":{"url":"https:\/\/pubeurope.com\/@ee\/116776254194422399","error":""},"_links":{"self":[{"href":"https:\/\/www.europesays.com\/ee\/wp-json\/wp\/v2\/posts\/208280","targetHints":{"allow":["GET"]}}],"collection":[{"href":"https:\/\/www.europesays.com\/ee\/wp-json\/wp\/v2\/posts"}],"about":[{"href":"https:\/\/www.europesays.com\/ee\/wp-json\/wp\/v2\/types\/post"}],"author":[{"embeddable":true,"href":"https:\/\/www.europesays.com\/ee\/wp-json\/wp\/v2\/users\/2"}],"replies":[{"embeddable":true,"href":"https:\/\/www.europesays.com\/ee\/wp-json\/wp\/v2\/comments?post=208280"}],"version-history":[{"count":0,"href":"https:\/\/www.europesays.com\/ee\/wp-json\/wp\/v2\/posts\/208280\/revisions"}],"wp:featuredmedia":[{"embeddable":true,"href":"https:\/\/www.europesays.com\/ee\/wp-json\/wp\/v2\/media\/208281"}],"wp:attachment":[{"href":"https:\/\/www.europesays.com\/ee\/wp-json\/wp\/v2\/media?parent=208280"}],"wp:term":[{"taxonomy":"category","embeddable":true,"href":"https:\/\/www.europesays.com\/ee\/wp-json\/wp\/v2\/categories?post=208280"},{"taxonomy":"post_tag","embeddable":true,"href":"https:\/\/www.europesays.com\/ee\/wp-json\/wp\/v2\/tags?post=208280"}],"curies":[{"name":"wp","href":"https:\/\/api.w.org\/{rel}","templated":true}]}}