{"id":208343,"date":"2026-06-19T11:14:10","date_gmt":"2026-06-19T11:14:10","guid":{"rendered":"https:\/\/www.europesays.com\/ee\/208343\/"},"modified":"2026-06-19T11:14:10","modified_gmt":"2026-06-19T11:14:10","slug":"intervjuu-katrina-lehis-ma-ei-taha-praegu-medaleid-kokku-lugeda-vaid-soovin-neid-juurde-voita-postimees-sport","status":"publish","type":"post","link":"https:\/\/www.europesays.com\/ee\/208343\/","title":{"rendered":"INTERVJUU Katrina Lehis: ma ei taha praegu medaleid kokku lugeda, vaid soovin neid juurde v\u00f5ita &#8211; Postimees Sport"},"content":{"rendered":"<ol>\n<li><a href=\"https:\/\/news.google.com\/rss\/articles\/CBMixwFBVV95cUxNbE9kQ0pWQ0xJaHpMT2s0MGJLSjFSQXcyQWctVDRtNWpFSnFiNXVLS0lYYUpwR3ZGLUliaUFYTmhuU0hJdFZjanRZRDVLQ1VIaHprR3pYMkF5RVY2aVpuTGt4UnlTUWpDWFQyZnloQzRNSjFVUVBpQ3lKUjNlMHhtMDh1RG9XUFh0U1h0cGhMUlpuWEtaRFcwcG5JYTBYNzE5ZHlSR2Mtcm8tRVhPUk1xR2N0TUFfclRwNm1ZZXdmcWdIa3lfcVhJ?oc=5\" target=\"_blank\" rel=\"nofollow noopener\">INTERVJUU Katrina Lehis: ma ei taha praegu medaleid kokku lugeda, vaid soovin neid juurde v\u00f5ita<\/a>&nbsp;&nbsp;Postimees Sport<\/li>\n<li><a href=\"https:\/\/news.google.com\/rss\/articles\/CBMipgFBVV95cUxNem5GRXJKMXBOLU1nZHU5dXNNdnVRcW95NFNmeHk0TkQ2Z1RQaHFKQ0JaWkJfbUl4QnBfS29aYzdRLWJ1Vm5xTVVLTDJrcFhIZ0tiOEMzM0gza2Q2bzAwMU43N1pjUDgxa2V3Rkk2VFNUcVhGdWJwY1VjbHU2eVYxVlVLTktwdlJ6MnNWS2Q4UkNDZDR3SmNQUk1Pa3poZnNIeXVBUUpn?oc=5\" target=\"_blank\" rel=\"nofollow noopener\">V\u00d5IMAS! \u27e9 Katrina Lehis tuli Euroopa meistriks! \u00abOlen t\u00f5esti v\u00e4ga \u00f5nnelik!\u00bb<\/a>&nbsp;&nbsp;Postimees Sport<\/li>\n<li><a href=\"https:\/\/news.google.com\/rss\/articles\/CBMi_wFBVV95cUxNU1gwekRfWFlBR1NobTZHSi1pcmxaaVpWdlB5R08ybGc0Y0luVHFRSFB1cXBra0x6TW43Y3I2aEJ6eC1wT29sazQ2VV85MUhKNDNteGJydkRsTlRIZl9Vc1lObXRyR0Y3MmY2UFlCN1czak5GdkNXX3VaY2IteGlFM2NrTVFIdHRQMXZ5SG5pejlaZUZzQ1BiYXc5WEE0ZERvemhBbWJDLWFCUDRWcVlsQ0w1Z18xU1JmaGw1bkw3c2RaeXFXTFFKWl9IcURpbF9tWmNPWlI4a2dNQ3g0QkdtbDRmT0xaSGpKMXRmejRiVWNQanFqSm1vWFBtWFRJUlU?oc=5\" target=\"_blank\" rel=\"nofollow noopener\">EM-tiitli v\u00f5itnud Katrina Lehise emotsionaalne p\u00e4ev: kurk oli k\u00e4he juba p\u00e4rast esimest mat\u0161i. Karjusin, kuna olin enda peale n\u00e4rvis<\/a>&nbsp;&nbsp;Delfi Sport<\/li>\n<li><a href=\"https:\/\/news.google.com\/rss\/articles\/CBMingFBVV95cUxNSDhMX0hqc0ZsNVpMTW5YS05xemxoUFRyTVV6RDJtMmgzeklqdVZRRW02R3JPbFlTNWdoZmpmaXJxbEhoT1o5eFotYi1JQ0NKYUFiNDNpZTF6WVVwck9meEVDNFF3RHgwTmE3cjNoMkZDY3FEN19KWmxQSFpiSEV5cEhJalZRdjJaV1NxdEJxY25iazIySEFPOFBzWHVSQQ?oc=5\" target=\"_blank\" rel=\"nofollow noopener\">Lehis ammutas j\u00f5udu mullusest h\u00f5bedast: teadsin, et ei taha kaotada!<\/a>&nbsp;&nbsp;sport | ERR<\/li>\n<li><a href=\"https:\/\/news.google.com\/rss\/articles\/CBMiP0FVX3lxTE9jVHNfOHA3aFV0QThUUjJxTVpOMDRUdTZSSWE1ZlgyUUhlTXh4c2I0Wk9uQkF3dG4wWUpjWC1sYw?oc=5\" target=\"_blank\" rel=\"nofollow noopener\">K\u00f5ik neli Eesti epeenaist j\u00f5udsid EM-il p\u00f5hitabelisse<\/a>&nbsp;&nbsp;Uudis.net<\/li>\n<\/ol>\n","protected":false},"excerpt":{"rendered":"INTERVJUU Katrina Lehis: ma ei taha praegu medaleid kokku lugeda, vaid soovin neid juurde v\u00f5ita&nbsp;&nbsp;Postimees Sport V\u00d5IMAS! \u27e9&hellip;\n","protected":false},"author":2,"featured_media":208344,"comment_status":"","ping_status":"","sticky":false,"template":"","format":"standard","meta":{"footnotes":"","_share_on_mastodon":"0"},"categories":[5],"tags":[84907,26,27,37,33,35,34,36,30134,31,32,84906,21,6345,28,29,19,6343,25,39582,8002,23,24,22,20,6344,30],"class_list":["post-208343","post","type-post","status-publish","format-standard","has-post-thumbnail","category-uldised-uudised","tag-alexandra-ehler","tag-breaking-news","tag-breakingnews","tag-ee","tag-eesti","tag-eesti-keel","tag-estonia","tag-estonian","tag-eszter-muhari","tag-featured-news","tag-featurednews","tag-giulia-rizzi","tag-headlines","tag-katrina-lehis","tag-latest-news","tag-latestnews","tag-news","tag-nikolai-novosjolov","tag-populaarseimad-lood","tag-snezana-stoljarova","tag-spordipsuhholoogia","tag-top-stories","tag-topstories","tag-uldised-uudised","tag-uudised","tag-vehklemine","tag-viimased-uudised"],"share_on_mastodon":{"url":"https:\/\/pubeurope.com\/@ee\/116776485980332414","error":""},"_links":{"self":[{"href":"https:\/\/www.europesays.com\/ee\/wp-json\/wp\/v2\/posts\/208343","targetHints":{"allow":["GET"]}}],"collection":[{"href":"https:\/\/www.europesays.com\/ee\/wp-json\/wp\/v2\/posts"}],"about":[{"href":"https:\/\/www.europesays.com\/ee\/wp-json\/wp\/v2\/types\/post"}],"author":[{"embeddable":true,"href":"https:\/\/www.europesays.com\/ee\/wp-json\/wp\/v2\/users\/2"}],"replies":[{"embeddable":true,"href":"https:\/\/www.europesays.com\/ee\/wp-json\/wp\/v2\/comments?post=208343"}],"version-history":[{"count":0,"href":"https:\/\/www.europesays.com\/ee\/wp-json\/wp\/v2\/posts\/208343\/revisions"}],"wp:featuredmedia":[{"embeddable":true,"href":"https:\/\/www.europesays.com\/ee\/wp-json\/wp\/v2\/media\/208344"}],"wp:attachment":[{"href":"https:\/\/www.europesays.com\/ee\/wp-json\/wp\/v2\/media?parent=208343"}],"wp:term":[{"taxonomy":"category","embeddable":true,"href":"https:\/\/www.europesays.com\/ee\/wp-json\/wp\/v2\/categories?post=208343"},{"taxonomy":"post_tag","embeddable":true,"href":"https:\/\/www.europesays.com\/ee\/wp-json\/wp\/v2\/tags?post=208343"}],"curies":[{"name":"wp","href":"https:\/\/api.w.org\/{rel}","templated":true}]}}