{"id":208378,"date":"2026-06-19T11:47:16","date_gmt":"2026-06-19T11:47:16","guid":{"rendered":"https:\/\/www.europesays.com\/ee\/208378\/"},"modified":"2026-06-19T11:47:16","modified_gmt":"2026-06-19T11:47:16","slug":"korruptsioonivastane-komisjon-algatas-ametnike-jahtumisaja-eelnou","status":"publish","type":"post","link":"https:\/\/www.europesays.com\/ee\/208378\/","title":{"rendered":"Korruptsioonivastane komisjon algatas ametnike jahtumisaja eeln\u00f5u"},"content":{"rendered":"<p>Riigikogu korruptsioonivastase erikomisjoni esimees  <a rel=\"noopener nofollow\" target=\"_blank\" href=\"https:\/\/www.delfi.ee\/teema\/96856224\/anastassia-kovalenko-kolvart\" tag-id=\"96856224\">Anastassia Kovalenko-K\u00f5lvart<\/a> (Keskerakond) \u00fctles, et muudatuse eesm\u00e4rk on maandada nn p\u00f6\u00f6rduste efektiga kaasnevaid riske. \u201eOleme komisjoni istungitel tippametnike liikumist erasektorisse korduvalt k\u00e4sitlenud ning ka <a rel=\"noopener nofollow\" target=\"_blank\" href=\"https:\/\/www.delfi.ee\/teema\/96868754\/kaitsepolitseiamet\" tag-id=\"96868754\">kaitsepolitseiamet<\/a> t\u00f5i selle oma viimases aastaraamatus v\u00e4lja mitme valdkonna m\u00e4rkimisv\u00e4\u00e4rse riskina,\u201c selgitas ta.<\/p>\n<p>Kaitsepolitseiamet (kapo) t\u00f5i oma t\u00e4navuses aastaraamatus esile, et Eesti riigi v\u00e4iksuse t\u00f5ttu v\u00f5ivad otsustaja ja ettev\u00f5tja olla tihedalt seotud, mist\u00f5ttu oleks vaja sadade miljoniteni k\u00fc\u00fcndivate riigihangetega seotud ametnikele rakendada ametist lahkudes mahajahtumise aega. \u201eSee aitaks v\u00e4ltida <a rel=\"noopener nofollow\" target=\"_blank\" href=\"https:\/\/www.delfi.ee\/teema\/96940343\/huvide-konflikt\" tag-id=\"96940343\">huvide konflikti<\/a>, kus eelmisel t\u00f6\u00f6kohal saadud info, v\u00f5rgustikud jne m\u00f5jutavad tuntavalt j\u00e4rgmisel t\u00f6\u00f6kohal tehtavaid otsuseid,\u201c m\u00e4rkis kapo. \u201eViimastel aastatel on m\u00e4rgata nn p\u00f6\u00f6rdukse efekti riigikaitsega seotud juhtivate ametikohtade puhul.\u201c<\/p>\n<p>Kovalenko-K\u00f5lvarti s\u00f5nul on viimastel aastatel n\u00e4iteks riigikaitse 20 tipptegijat l\u00e4inud avalikust sektorist erasektorisse ning see on tekitanud vastakaid arvamusi. \u201eInimesed asuvad t\u00f6\u00f6le valdkonda v\u00f5i ettev\u00f5ttesse, mille suhtes nad alles \u00e4sja tegid riigiametnikuna hanke- v\u00f5i muid otsuseid,\u201c nentis ta. \u201eSamuti on probleemne olukord, kus ettev\u00f5tjad taotlevad riigikaitseks m\u00f5eldud toote arendamiseks riigi toetust endistelt kolleegidelt. Erasektorisse siirduvad avaliku sektori ametnikud omavad siseteavet ja v\u00f5rgustikku, mis v\u00f5ib tekitada ebaausat konkurentsi.\u201c<\/p>\n<p><a href=\"https:\/\/ekspress.delfi.ee\/artikkel\/120569971\/riigikaitse-suur-rahvasteranne-kuidas-eesti-tippametnike-teed-viivad-raketitootjasse-frankenburg#dalrel-in-article\" class=\"content-embedded-articles-single__embedded-article\" data-v-469265ed=\"\" rel=\"nofollow noopener\" target=\"_blank\"><\/p>\n<p> 22.04.2026 <\/p>\n<p> Riigikaitse suur rahvaster\u00e4nne. Kuidas Eesti tippametnike teed viivad raketitootjasse Frankenburg  (221) <\/p>\n<p><\/a><\/p>\n<p>Kovalenko-K\u00f5lvart t\u00e4psustas, et eeln\u00f5u j\u00e4rgi hindab edaspidi t\u00f6\u00f6andja ametiisiku p\u00e4devusest ja \u00fclesannetest tulenevad riske ning saab vajadusel seada piirangu kuni \u00fche aasta jooksul minna t\u00f6\u00f6le t\u00f6\u00f6andja juurde, kelle tegevust on ta viimase aasta jooksul m\u00e4rkimisv\u00e4\u00e4rselt m\u00f5jutanud.<\/p>\n<p>\u201eEeln\u00f5u ei sisalda keeldu valdkonnas edasi tegutseda ning igale asutusele antakse kaalutlusruum luua loetelu ametiisikutest, kellele ja kui pikalt jahtumisperiood kestab. Samuti v\u00f5imaldab avaliku teenistuse palgakorraldus v\u00f5imalikku piirangut lisatasude ja muude meetmetega kompenseerida,\u201c selgitas ta. \u201eEeln\u00f5u eesm\u00e4rk ei ole piirata ametnike liikumist erasektorisse ja vastupidi, vaid maandada v\u00f5imalikud huvide konfliktide riskid ning maksumaksja raha v\u00e4\u00e4rkasutamist.\u201c<\/p>\n<p>Erikomisjon otsustas eeln\u00f5u algatada 15. juunil ja andis selle riigikogu menetlusse kevadistungj\u00e4rgu viimasel istungil ehk neljap\u00e4eval.<\/p>\n<p>Kuidas see lugu Sind end tundma pani? Saada <a href=\"https:\/\/www.delfi.ee\/artikkel\/120591992\/korruptsioonivastane-komisjon-algatas-ametnike-jahtumisaja-eelnou\/kommentaarid\" class=\"article-body-bottom__comment article-body-bottom__comment--write button button--primary button--size-auto\" rel=\"nofollow noopener\" target=\"_blank\"> Kommenteeri <\/a><a href=\"https:\/\/www.delfi.ee\/artikkel\/120591992\/korruptsioonivastane-komisjon-algatas-ametnike-jahtumisaja-eelnou\/kommentaarid\" class=\"article-body-bottom__comment article-body-bottom__comment--read button button--size-auto\" rel=\"nofollow noopener\" target=\"_blank\"> Loe kommentaare (15)<\/a><\/p>\n","protected":false},"excerpt":{"rendered":"Riigikogu korruptsioonivastase erikomisjoni esimees Anastassia Kovalenko-K\u00f5lvart (Keskerakond) \u00fctles, et muudatuse eesm\u00e4rk on maandada nn p\u00f6\u00f6rduste efektiga kaasnevaid riske.&hellip;\n","protected":false},"author":2,"featured_media":208379,"comment_status":"","ping_status":"","sticky":false,"template":"","format":"standard","meta":{"footnotes":"","_share_on_mastodon":"0"},"categories":[5],"tags":[2363,26,27,37,33,35,34,36,31,32,21,43969,8817,28,29,19,25,8013,17682,23,24,22,20,30],"class_list":["post-208378","post","type-post","status-publish","format-standard","has-post-thumbnail","category-uldised-uudised","tag-anastassia-kovalenko-kolvart","tag-breaking-news","tag-breakingnews","tag-ee","tag-eesti","tag-eesti-keel","tag-estonia","tag-estonian","tag-featured-news","tag-featurednews","tag-headlines","tag-huvide-konflikt","tag-kaitsepolitseiamet","tag-latest-news","tag-latestnews","tag-news","tag-populaarseimad-lood","tag-riigihanked","tag-riigikogu-korruptsioonivastane-erikomisjon","tag-top-stories","tag-topstories","tag-uldised-uudised","tag-uudised","tag-viimased-uudised"],"share_on_mastodon":{"url":"https:\/\/pubeurope.com\/@ee\/116776615665386184","error":""},"_links":{"self":[{"href":"https:\/\/www.europesays.com\/ee\/wp-json\/wp\/v2\/posts\/208378","targetHints":{"allow":["GET"]}}],"collection":[{"href":"https:\/\/www.europesays.com\/ee\/wp-json\/wp\/v2\/posts"}],"about":[{"href":"https:\/\/www.europesays.com\/ee\/wp-json\/wp\/v2\/types\/post"}],"author":[{"embeddable":true,"href":"https:\/\/www.europesays.com\/ee\/wp-json\/wp\/v2\/users\/2"}],"replies":[{"embeddable":true,"href":"https:\/\/www.europesays.com\/ee\/wp-json\/wp\/v2\/comments?post=208378"}],"version-history":[{"count":0,"href":"https:\/\/www.europesays.com\/ee\/wp-json\/wp\/v2\/posts\/208378\/revisions"}],"wp:featuredmedia":[{"embeddable":true,"href":"https:\/\/www.europesays.com\/ee\/wp-json\/wp\/v2\/media\/208379"}],"wp:attachment":[{"href":"https:\/\/www.europesays.com\/ee\/wp-json\/wp\/v2\/media?parent=208378"}],"wp:term":[{"taxonomy":"category","embeddable":true,"href":"https:\/\/www.europesays.com\/ee\/wp-json\/wp\/v2\/categories?post=208378"},{"taxonomy":"post_tag","embeddable":true,"href":"https:\/\/www.europesays.com\/ee\/wp-json\/wp\/v2\/tags?post=208378"}],"curies":[{"name":"wp","href":"https:\/\/api.w.org\/{rel}","templated":true}]}}