{"id":208572,"date":"2026-06-19T15:39:16","date_gmt":"2026-06-19T15:39:16","guid":{"rendered":"https:\/\/www.europesays.com\/ee\/208572\/"},"modified":"2026-06-19T15:39:16","modified_gmt":"2026-06-19T15:39:16","slug":"foto-%e2%9f%a9-laagna-teel-sattus-onnetusse-gaasiballoone-vedanud-vaikebuss","status":"publish","type":"post","link":"https:\/\/www.europesays.com\/ee\/208572\/","title":{"rendered":"FOTO \u27e9 Laagna teel sattus \u00f5nnetusse gaasiballoone vedanud v\u00e4ikebuss"},"content":{"rendered":"<p>P\u00f5hja p\u00e4\u00e4stekeskuse kommunikatsioonijuht Siim Palu s\u00f5nas Postimehele, et t\u00e4na kell 8.32 sai h\u00e4irekeskus teate, et Lasnam\u00e4el Laagna teel on toimunud kolme autoga ahelavarii. \u00abGaasiballoone vedanud kaubik s\u00f5itis tagant sisse mikrobussile, mis omakorda s\u00f5itis otsa mahtuniversaalile. Kohale s\u00f5itsid Lasnam\u00e4e ja Kesklinna p\u00e4\u00e4stjad koos kiirabi ja politseiga. Kohapeal n\u00e4hti, et \u00fcks balloon lekib, ning politsei sulges p\u00e4\u00e4stet\u00f6\u00f6de ajaks liikluse,\u00bb lisas ta.<\/p>\n","protected":false},"excerpt":{"rendered":"P\u00f5hja p\u00e4\u00e4stekeskuse kommunikatsioonijuht Siim Palu s\u00f5nas Postimehele, et t\u00e4na kell 8.32 sai h\u00e4irekeskus teate, et Lasnam\u00e4el Laagna teel&hellip;\n","protected":false},"author":2,"featured_media":208573,"comment_status":"","ping_status":"","sticky":false,"template":"","format":"standard","meta":{"footnotes":"","_share_on_mastodon":"0"},"categories":[12],"tags":[21626,26,27,37,33,35,34,36,31,32,78532,3933,21,566,48310,2264,28,29,349,85023,85024,19,6002,10664,353,25,23,24,22,20,75350,30],"class_list":["post-208572","post","type-post","status-publish","format-standard","has-post-thumbnail","category-eesti","tag-ahelavarii","tag-breaking-news","tag-breakingnews","tag-ee","tag-eesti","tag-eesti-keel","tag-estonia","tag-estonian","tag-featured-news","tag-featurednews","tag-gaasiballoon","tag-hairekeskus","tag-headlines","tag-kiirabi","tag-laagna-tee","tag-lasnamae","tag-latest-news","tag-latestnews","tag-liiklusonnetus","tag-mahtuniversaal","tag-mikrobuss","tag-news","tag-paastjad","tag-pohja-paastekeskus","tag-politsei","tag-populaarseimad-lood","tag-top-stories","tag-topstories","tag-uldised-uudised","tag-uudised","tag-vaikebuss","tag-viimased-uudised"],"share_on_mastodon":{"url":"https:\/\/pubeurope.com\/@ee\/116777527988037843","error":""},"_links":{"self":[{"href":"https:\/\/www.europesays.com\/ee\/wp-json\/wp\/v2\/posts\/208572","targetHints":{"allow":["GET"]}}],"collection":[{"href":"https:\/\/www.europesays.com\/ee\/wp-json\/wp\/v2\/posts"}],"about":[{"href":"https:\/\/www.europesays.com\/ee\/wp-json\/wp\/v2\/types\/post"}],"author":[{"embeddable":true,"href":"https:\/\/www.europesays.com\/ee\/wp-json\/wp\/v2\/users\/2"}],"replies":[{"embeddable":true,"href":"https:\/\/www.europesays.com\/ee\/wp-json\/wp\/v2\/comments?post=208572"}],"version-history":[{"count":0,"href":"https:\/\/www.europesays.com\/ee\/wp-json\/wp\/v2\/posts\/208572\/revisions"}],"wp:featuredmedia":[{"embeddable":true,"href":"https:\/\/www.europesays.com\/ee\/wp-json\/wp\/v2\/media\/208573"}],"wp:attachment":[{"href":"https:\/\/www.europesays.com\/ee\/wp-json\/wp\/v2\/media?parent=208572"}],"wp:term":[{"taxonomy":"category","embeddable":true,"href":"https:\/\/www.europesays.com\/ee\/wp-json\/wp\/v2\/categories?post=208572"},{"taxonomy":"post_tag","embeddable":true,"href":"https:\/\/www.europesays.com\/ee\/wp-json\/wp\/v2\/tags?post=208572"}],"curies":[{"name":"wp","href":"https:\/\/api.w.org\/{rel}","templated":true}]}}