{"id":208587,"date":"2026-06-19T16:00:17","date_gmt":"2026-06-19T16:00:17","guid":{"rendered":"https:\/\/www.europesays.com\/ee\/208587\/"},"modified":"2026-06-19T16:00:17","modified_gmt":"2026-06-19T16:00:17","slug":"jatk-soprade-tulile-meloni-lukkas-umber-trumpi-jutu-pildi-anumisest","status":"publish","type":"post","link":"https:\/\/www.europesays.com\/ee\/208587\/","title":{"rendered":"J\u00e4tk s\u00f5prade t\u00fclile: Meloni l\u00fckkas \u00fcmber Trumpi jutu pildi anumisest"},"content":{"rendered":"<p>Itaalia meedias avaldatud intervjuus \u00fctles Trump, et ta ei pidanud Meloniga Prantsusmaal toimunud G7 tippkohtumisel r\u00e4\u00e4kima, kuid tema hinnangul v\u00f5is too selle \u00fcle \u00f5nnelik olla. <\/p>\n<p>USA presidendi v\u00e4itel oli Meloni anunud temaga pilti teha. \u201eMa poleks seda teinud, aga mul oli temast kahju,\u201c s\u00f5nas ta.<\/p>\n<p>Meloni nimetas sotsiaalv\u00f5rgustikus X avaldatud videop\u00f6\u00f6rdumises Trumpi v\u00e4idet t\u00e4ielikuks v\u00e4ljam\u00f5eldiseks. <\/p>\n<p>\u201eOlen ausalt \u00f6eldes \u0161okeeritud. Ma ei tea, miks USA president k\u00e4itub oma liitlastega niimoodi ja see pole esimene kord, kui see juhtub,\u201c \u00fctles ta, lisades, et tal on kahju, et Trump ei n\u00e4ita samasugust sihikindlust L\u00e4\u00e4ne ja USA vaenlaste suhtes. <\/p>\n<p>\u201eItaalia ja mina ei anu kunagi,\u201c lisas ta.<\/p>\n<p>Prantsusmaal toimunud kohtumine Trumpi ja Meloni vahel oli esimene p\u00e4rast nendevahelist avalikku t\u00fcli aprillis. <\/p>\n<p>Toona nimetas Meloni vastuv\u00f5etamatuks Trumpi kriitikat paavst Leo suhtes, kes seisis vastu Iraanis puhkenud s\u00f5jale. Seej\u00e4rel kritiseeris Trump Melonit selle eest, et ta ei toetanud USA operatsioone Iraanis ja vihjas, et Meloni on muutunud.<\/p>\n<p>Kolmap\u00e4eval kinnitas Meloni ajakirjanikele, et tema suhe Trumpiga on endine. <\/p>\n<p>\u201eDonald Trump ja mina oleme kaks \u00fcsna tugeva iseloomuga inimest, kes kaitsevad oma riigi huve. Meil pole vaja asju selgitada, kui me milleski eriarvamusel oleme, sest l\u00f5ppude l\u00f5puks m\u00f5istab iga\u00fcks meist teise seisukohta,\u201c \u00fctles ta.<\/p>\n<p>Itaalia valitsuse liikmed kaitsesid Melonit, kusjuures v\u00e4lisminister <a rel=\"noopener nofollow\" target=\"_blank\" href=\"https:\/\/www.delfi.ee\/teema\/76977986\/antonio-tajani\" tag-id=\"76977986\">Antonio Tajani<\/a> teatas, et t\u00fchistab Trumpi m\u00e4rkuste t\u00f5ttu j\u00e4rgmiseks n\u00e4dalaks planeeritud ametliku USA-visiidi.<\/p>\n<p>Tajani pidi osalema Miamis toimuval Itaalia-USA innovatsioonifoorumil ja kohtuma oma USA kolleegi Marco Rubioga riikidevahelise koost\u00f6\u00f6 edendamiseks.<\/p>\n<p>Kuidas see lugu Sind end tundma pani? Saada <a href=\"https:\/\/www.delfi.ee\/artikkel\/120592239\/jatk-soprade-tulile-meloni-lukkas-umber-trumpi-jutu-pildi-anumisest\/kommentaarid\" class=\"article-body-bottom__comment article-body-bottom__comment--write button button--primary button--size-auto\" rel=\"nofollow noopener\" target=\"_blank\"> Kommenteeri <\/a><a href=\"https:\/\/www.delfi.ee\/artikkel\/120592239\/jatk-soprade-tulile-meloni-lukkas-umber-trumpi-jutu-pildi-anumisest\/kommentaarid\" class=\"article-body-bottom__comment article-body-bottom__comment--read button button--size-auto\" rel=\"nofollow noopener\" target=\"_blank\"> Loe kommentaare (17)<\/a><\/p>\n","protected":false},"excerpt":{"rendered":"Itaalia meedias avaldatud intervjuus \u00fctles Trump, et ta ei pidanud Meloniga Prantsusmaal toimunud G7 tippkohtumisel r\u00e4\u00e4kima, kuid tema&hellip;\n","protected":false},"author":2,"featured_media":208588,"comment_status":"","ping_status":"","sticky":false,"template":"","format":"standard","meta":{"footnotes":"","_share_on_mastodon":"0"},"categories":[80],"tags":[7011,26,27,324,37,33,35,34,36,31,32,13528,2368,21,109,28,29,95,19,25,23,24,22,325,20,30,92,93,94],"class_list":["post-208587","post","type-post","status-publish","format-standard","has-post-thumbnail","category-maailm","tag-antonio-tajani","tag-breaking-news","tag-breakingnews","tag-donald-trump","tag-ee","tag-eesti","tag-eesti-keel","tag-estonia","tag-estonian","tag-featured-news","tag-featurednews","tag-g7","tag-giorgia-meloni","tag-headlines","tag-itaalia","tag-latest-news","tag-latestnews","tag-maailm","tag-news","tag-populaarseimad-lood","tag-top-stories","tag-topstories","tag-uldised-uudised","tag-usa","tag-uudised","tag-viimased-uudised","tag-world","tag-world-news","tag-worldnews"],"share_on_mastodon":{"url":"https:\/\/pubeurope.com\/@ee\/116777610641239522","error":""},"_links":{"self":[{"href":"https:\/\/www.europesays.com\/ee\/wp-json\/wp\/v2\/posts\/208587","targetHints":{"allow":["GET"]}}],"collection":[{"href":"https:\/\/www.europesays.com\/ee\/wp-json\/wp\/v2\/posts"}],"about":[{"href":"https:\/\/www.europesays.com\/ee\/wp-json\/wp\/v2\/types\/post"}],"author":[{"embeddable":true,"href":"https:\/\/www.europesays.com\/ee\/wp-json\/wp\/v2\/users\/2"}],"replies":[{"embeddable":true,"href":"https:\/\/www.europesays.com\/ee\/wp-json\/wp\/v2\/comments?post=208587"}],"version-history":[{"count":0,"href":"https:\/\/www.europesays.com\/ee\/wp-json\/wp\/v2\/posts\/208587\/revisions"}],"wp:featuredmedia":[{"embeddable":true,"href":"https:\/\/www.europesays.com\/ee\/wp-json\/wp\/v2\/media\/208588"}],"wp:attachment":[{"href":"https:\/\/www.europesays.com\/ee\/wp-json\/wp\/v2\/media?parent=208587"}],"wp:term":[{"taxonomy":"category","embeddable":true,"href":"https:\/\/www.europesays.com\/ee\/wp-json\/wp\/v2\/categories?post=208587"},{"taxonomy":"post_tag","embeddable":true,"href":"https:\/\/www.europesays.com\/ee\/wp-json\/wp\/v2\/tags?post=208587"}],"curies":[{"name":"wp","href":"https:\/\/api.w.org\/{rel}","templated":true}]}}