{"id":208640,"date":"2026-06-19T17:07:11","date_gmt":"2026-06-19T17:07:11","guid":{"rendered":"https:\/\/www.europesays.com\/ee\/208640\/"},"modified":"2026-06-19T17:07:11","modified_gmt":"2026-06-19T17:07:11","slug":"saksamaal-moisteti-vangi-poliitikutest-tapanimekirja-koostanud-mees","status":"publish","type":"post","link":"https:\/\/www.europesays.com\/ee\/208640\/","title":{"rendered":"Saksamaal m\u00f5isteti vangi poliitikutest tapanimekirja koostanud mees"},"content":{"rendered":"<p>Saksamaa kohus m\u00f5istis t\u00e4na kolmeks aastaks vangi mehe, kes avaldas internetis \u00absurmaotsuseid\u00bb koos \u00fcleskutsetega tappa poliitikuid, kelle hulka kuulusid v\u00e4idetavalt ka endised kantslerid Angela Merkel ja Olaf Scholz.<\/p>\n<p>50-aastane Saksa-Poola p\u00e4ritolu mees, kelle nimeks \u00f6eldi Martin S., tunnistas kohtuprotsessil D\u00fcsseldorfis, et haldas anon\u00fc\u00fcmset tumeveebi platvormi nimega \u00abAssassination Politics\u00bb.<\/p>\n","protected":false},"excerpt":{"rendered":"Saksamaa kohus m\u00f5istis t\u00e4na kolmeks aastaks vangi mehe, kes avaldas internetis \u00absurmaotsuseid\u00bb koos \u00fcleskutsetega tappa poliitikuid, kelle hulka&hellip;\n","protected":false},"author":2,"featured_media":208641,"comment_status":"","ping_status":"","sticky":false,"template":"","format":"standard","meta":{"footnotes":"","_share_on_mastodon":"0"},"categories":[80],"tags":[4618,85053,26,27,29022,37,33,35,34,36,31,32,21,85056,2308,28,29,95,85055,19,77318,12681,25,51,85052,99,23,24,85054,22,20,5096,30,92,93,94],"class_list":["post-208640","post","type-post","status-publish","format-standard","has-post-thumbnail","category-maailm","tag-angela-merkel","tag-assassination-politics","tag-breaking-news","tag-breakingnews","tag-dusseldorf","tag-ee","tag-eesti","tag-eesti-keel","tag-estonia","tag-estonian","tag-featured-news","tag-featurednews","tag-headlines","tag-heinrich-xiii-reuss","tag-kruptovaluuta","tag-latest-news","tag-latestnews","tag-maailm","tag-molotovi-kokteilid","tag-news","tag-olaf-scholz","tag-paremaarmuslus","tag-populaarseimad-lood","tag-saksamaa","tag-saksamaa-kohus","tag-terrorism","tag-top-stories","tag-topstories","tag-tumeveeb","tag-uldised-uudised","tag-uudised","tag-vandenouteooria","tag-viimased-uudised","tag-world","tag-world-news","tag-worldnews"],"share_on_mastodon":{"url":"","error":"Validation failed: Text character limit of 500 exceeded"},"_links":{"self":[{"href":"https:\/\/www.europesays.com\/ee\/wp-json\/wp\/v2\/posts\/208640","targetHints":{"allow":["GET"]}}],"collection":[{"href":"https:\/\/www.europesays.com\/ee\/wp-json\/wp\/v2\/posts"}],"about":[{"href":"https:\/\/www.europesays.com\/ee\/wp-json\/wp\/v2\/types\/post"}],"author":[{"embeddable":true,"href":"https:\/\/www.europesays.com\/ee\/wp-json\/wp\/v2\/users\/2"}],"replies":[{"embeddable":true,"href":"https:\/\/www.europesays.com\/ee\/wp-json\/wp\/v2\/comments?post=208640"}],"version-history":[{"count":0,"href":"https:\/\/www.europesays.com\/ee\/wp-json\/wp\/v2\/posts\/208640\/revisions"}],"wp:featuredmedia":[{"embeddable":true,"href":"https:\/\/www.europesays.com\/ee\/wp-json\/wp\/v2\/media\/208641"}],"wp:attachment":[{"href":"https:\/\/www.europesays.com\/ee\/wp-json\/wp\/v2\/media?parent=208640"}],"wp:term":[{"taxonomy":"category","embeddable":true,"href":"https:\/\/www.europesays.com\/ee\/wp-json\/wp\/v2\/categories?post=208640"},{"taxonomy":"post_tag","embeddable":true,"href":"https:\/\/www.europesays.com\/ee\/wp-json\/wp\/v2\/tags?post=208640"}],"curies":[{"name":"wp","href":"https:\/\/api.w.org\/{rel}","templated":true}]}}