{"id":208736,"date":"2026-06-19T19:39:10","date_gmt":"2026-06-19T19:39:10","guid":{"rendered":"https:\/\/www.europesays.com\/ee\/208736\/"},"modified":"2026-06-19T19:39:10","modified_gmt":"2026-06-19T19:39:10","slug":"otse-%e2%9f%a9-mida-suudab-voiduga-alustanud-sotimaa-brasse-kollitanud-maroko-vastu","status":"publish","type":"post","link":"https:\/\/www.europesays.com\/ee\/208736\/","title":{"rendered":"OTSE \u27e9 Mida suudab v\u00f5iduga alustanud \u0160otimaa brasse kollitanud Maroko vastu?"},"content":{"rendered":"<p>Enne m\u00e4ngu<\/p>\n<p class=\"Paragraph SCXW2063433 BCX0\">28-aastase pausi j\u00e4rel MM-finaalturniiril m\u00e4ngiv \u0160otimaa alustas v\u00f5idukalt, kui sai avavoorus t\u00e4nu oma kapteni John McGinni esimese poolaja v\u00e4ravale 1:0 jagu autsaiderist Haitist.<\/p>\n<p class=\"Paragraph SCXW2063433 BCX0\">Kuigi \u0160otimaa koondise toetajatele meeldinuks suurem v\u00f5it rohkem, oldi eelk\u00f5ige ikkagi \u00f5nnelikud, sest turniiris\u00fcsteemis, kus edasi p\u00e4\u00e4sevad ka kaks kolmandikku kolmanda koha omanikest, annavad v\u00f5idupunktid meeskonnale tugeva positsiooni.<\/p>\n<p class=\"Paragraph SCXW2063433 BCX0\">T\u00f5si, \u0161otlased saavad v\u00e4ga h\u00e4sti aru, et loosiga neil vedanud ei ole, sest kuulutakse ainsasse alagruppi, kuhu on kokku sattunud kaks maailma edetabeli esik\u00fcmne riiki ehk viiekordne maailmameister Brasiilia ja neli aastat tagasi esimese Aafrika riigina MMil poolfinaali j\u00f5udnud Maroko.<\/p>\n<p class=\"Paragraph SCXW2063433 BCX0\">Nende kahe duell avavoorus kulges ootamatus v\u00f5tmes, sest v\u00f5idule oli l\u00e4hemal Maroko, kes eriti just kohtumise avangut pea totaalselt domineeris. Brasiilia peatreener Carlo Ancelotti kasutas aga oskuslikult \u00e4ra jahutuspausi, mille k\u00e4igus andis meeskonnale juhtn\u00f6\u00f6re Maroko talitsemiseks.<\/p>\n<p class=\"Paragraph SCXW2063433 BCX0\">Vinicius Juniori individuaalse meisterlikkuse pealt s\u00fcndis 1:1 viigiv\u00e4rav ja selle tulemusega m\u00e4ng ka l\u00f5ppes. Maroko nentis, et j\u00e4i kripeldama ning Brasiilia m\u00f6\u00f6nis, et esitused peavad turniiri k\u00e4igus tunduvalt paranema.<\/p>\n<p class=\"Paragraph SCXW2063433 BCX0\">MMi eel v\u00f5is arvata, et \u0160otimaa \u2013 Maroko m\u00e4ng paneb paika C-alagrupi teise koha omaniku (sest Brasiilia v\u00f5idab ja Haiti j\u00e4\u00e4b viimaseks), ent avavoorus n\u00e4htu muutis seisu oluliselt segamaks, mis neutraalse jalgpallis\u00f5bra jaoks muidugi meeldiv.<\/p>\n","protected":false},"excerpt":{"rendered":"Enne m\u00e4ngu 28-aastase pausi j\u00e4rel MM-finaalturniiril m\u00e4ngiv \u0160otimaa alustas v\u00f5idukalt, kui sai avavoorus t\u00e4nu oma kapteni John McGinni&hellip;\n","protected":false},"author":2,"featured_media":208737,"comment_status":"","ping_status":"","sticky":false,"template":"","format":"standard","meta":{"footnotes":"","_share_on_mastodon":"0"},"categories":[18],"tags":[29564,37,33,35,34,36,4232,35609,10349,13376,22751,159,158,15154],"class_list":["post-208736","post","type-post","status-publish","format-standard","has-post-thumbnail","category-sport","tag-carlo-ancelotti","tag-ee","tag-eesti","tag-eesti-keel","tag-estonia","tag-estonian","tag-john-mcginn","tag-maroko-jalgpallikoondis","tag-mm-2026","tag-mm-finaalturniir","tag-sotimaa-jalgpallikoondis","tag-sport","tag-sports","tag-vinicius-junior"],"share_on_mastodon":{"url":"https:\/\/pubeurope.com\/@ee\/116778471464407898","error":""},"_links":{"self":[{"href":"https:\/\/www.europesays.com\/ee\/wp-json\/wp\/v2\/posts\/208736","targetHints":{"allow":["GET"]}}],"collection":[{"href":"https:\/\/www.europesays.com\/ee\/wp-json\/wp\/v2\/posts"}],"about":[{"href":"https:\/\/www.europesays.com\/ee\/wp-json\/wp\/v2\/types\/post"}],"author":[{"embeddable":true,"href":"https:\/\/www.europesays.com\/ee\/wp-json\/wp\/v2\/users\/2"}],"replies":[{"embeddable":true,"href":"https:\/\/www.europesays.com\/ee\/wp-json\/wp\/v2\/comments?post=208736"}],"version-history":[{"count":0,"href":"https:\/\/www.europesays.com\/ee\/wp-json\/wp\/v2\/posts\/208736\/revisions"}],"wp:featuredmedia":[{"embeddable":true,"href":"https:\/\/www.europesays.com\/ee\/wp-json\/wp\/v2\/media\/208737"}],"wp:attachment":[{"href":"https:\/\/www.europesays.com\/ee\/wp-json\/wp\/v2\/media?parent=208736"}],"wp:term":[{"taxonomy":"category","embeddable":true,"href":"https:\/\/www.europesays.com\/ee\/wp-json\/wp\/v2\/categories?post=208736"},{"taxonomy":"post_tag","embeddable":true,"href":"https:\/\/www.europesays.com\/ee\/wp-json\/wp\/v2\/tags?post=208736"}],"curies":[{"name":"wp","href":"https:\/\/api.w.org\/{rel}","templated":true}]}}