{"id":208780,"date":"2026-06-19T21:12:23","date_gmt":"2026-06-19T21:12:23","guid":{"rendered":"https:\/\/www.europesays.com\/ee\/208780\/"},"modified":"2026-06-19T21:12:23","modified_gmt":"2026-06-19T21:12:23","slug":"meloni-sonul-valetas-trump-tema-kohta-valismaa","status":"publish","type":"post","link":"https:\/\/www.europesays.com\/ee\/208780\/","title":{"rendered":"Meloni s\u00f5nul valetas Trump tema kohta | V\u00e4lismaa"},"content":{"rendered":"<p>USA president Donald Trumpi ja Itaalia peaministri Giorgia Meloni vahel puhkes reedel s\u00f5nas\u00f5da p\u00e4rast seda, kui Trump v\u00e4itis, et Meloni &#8220;anus&#8221; teda selle n\u00e4dala alguses G7 tippkohtumisel \u00fchisele fotole.<\/p>\n<p>Neljap\u00e4eva \u00f5htul Itaalia meediale antud intervjuus \u00fctles Trump, et Meloni oli &#8220;ilmselt \u00f5nnelik, et ma temaga r\u00e4\u00e4kisin. Ma ei oleks pidanud seda tegema.&#8221;<\/p>\n<p>\u00a0&#8220;Ta palus, et ma temaga pilti teeksin. Ta tahtis minuga pilti nii v\u00e4ga. Ma poleks seda teinud, aga mul hakkas temast kahju,&#8221; lisas Trump.<\/p>\n<p>Trumpi kommentaarid n\u00e4isid olevat vastuolus Meloni hiljutiste kinnitustega, et tema suhted USA presidendiga on j\u00e4tkuvalt head.<\/p>\n<p>Meloni nimetas sotsiaalmeedias avaldatud videos Trumpi v\u00e4iteid &#8220;t\u00e4ielikult v\u00e4ljam\u00f5elduteks&#8221;.<\/p>\n<p>&#8220;Itaalia ega mina ei anu kunagi,&#8221; \u00fctles Meloni.<\/p>\n<p>Peaministri s\u00f5nul oli ta presidendi kommentaaridest &#8220;jahmunud&#8221; ning lisas, et kuigi see ei ole esimene kord, kui Trump selliselt k\u00e4itub, on kahju, et ta &#8220;ei n\u00e4ita sama sihikindlust L\u00e4\u00e4ne vaenlaste suhtes&#8221;.<\/p>\n<blockquote class=\"twitter-tweet\" data-media-max-width=\"560\">\n<p lang=\"it\" dir=\"ltr\">Io e l&#8217;Italia non imploriamo mai. <a href=\"https:\/\/t.co\/sTpKlqWB67\" rel=\"nofollow\">pic.twitter.com\/sTpKlqWB67<\/a><\/p>\n<p>\u2014 Giorgia Meloni (@GiorgiaMeloni) <a href=\"https:\/\/x.com\/GiorgiaMeloni\/status\/2067917590945788408?ref_src=twsrc%5Etfw\" rel=\"nofollow\">June 19, 2026<\/a><\/p><\/blockquote>\n<p>M\u00f5lemad liidrid kohtusid mitu korda kolm p\u00e4eva kestnud G7 tippkohtumisel Evianis. Tegemist oli nende esimese kohtumisega p\u00e4rast aprillis puhkenud avalikku t\u00fcli, kui Meloni nimetas Trumpi r\u00fcnnakuid paavst Leo aadressil &#8220;vastuv\u00f5etamatuks&#8221;. Vastuseks \u00fctles Trump, et Meloni &#8220;ei ole enam see inimene&#8221;, keda ta kunagi tundis.<\/p>\n<p>\u00dcks Itaalia diplomaat kirjeldas Meloni ja Trumpi esimest omavahelist kohtumist esmasp\u00e4eva \u00f5htuse G7 \u00f5htus\u00f6\u00f6gi k\u00f5rval kui &#8220;selgitavat vestlust&#8221;.<\/p>\n<p>Teisip\u00e4eval \u00fche \u00fcmarlaua arutelu ajal naljatas Antonio Costa, et Meloni ja Trump paistavad olevat &#8220;taas s\u00f5brad&#8221;. Trump vastas: &#8220;Mind on maha j\u00e4etud,&#8221; mis ajas Meloni naerma. Peaminister vastas: &#8220;Ei, sind ei ole maha j\u00e4etud.&#8221;<\/p>\n<p>Kolmap\u00e4eval kohtumise l\u00f5pus toimunud pressikonverentsil kinnitas Meloni ajakirjanikele, et tema suhted Trumpiga on &#8220;muutumatud&#8221;.<\/p>\n<p>&#8220;Donald Trump ja mina oleme kaks \u00fcsna tugeva iseloomuga inimest, kes kaitsevad oma riikide huve. Kui me milleski eriarvamusel oleme, ei ole vaja asju \u00fcle t\u00e4psustada, sest l\u00f5puks m\u00f5istab kumbki teise vaatenurka,&#8221; \u00fctles ta.<\/p>\n<p>Melonit asusid avalikult kaitsma ka teised Itaalia valitsuse liikmed.<\/p>\n<p>Itaalia v\u00e4lisminister Antonio Tajani nimetas Trumpi kommentaare &#8220;t\u00f5siseks solvanguks kogu Itaalia suhtes&#8221; ning t\u00fchistas p\u00fchap\u00e4evaks kavandatud visiidi Ameerika \u00dchendriikidesse.<\/p>\n<p>Kaitseminister Guido Crosetto kirjutas sotsiaalmeedias, et ta ei suuda ette kujutada olukorda, kus Meloni kelleltki fotot paluks, ning kritiseeris Trumpi puhul &#8220;stiili puudumist&#8221;.<\/p>\n<p><script async src=\"https:\/\/platform.twitter.com\/widgets.js\" charset=\"utf-8\"><\/script><\/p>\n","protected":false},"excerpt":{"rendered":"USA president Donald Trumpi ja Itaalia peaministri Giorgia Meloni vahel puhkes reedel s\u00f5nas\u00f5da p\u00e4rast seda, kui Trump v\u00e4itis,&hellip;\n","protected":false},"author":2,"featured_media":208781,"comment_status":"","ping_status":"","sticky":false,"template":"","format":"standard","meta":{"footnotes":"","_share_on_mastodon":"0"},"categories":[5],"tags":[26,27,324,37,33,35,34,36,31,32,13528,2368,21,109,28,29,19,25,23,24,22,325,20,30],"class_list":["post-208780","post","type-post","status-publish","format-standard","has-post-thumbnail","category-uldised-uudised","tag-breaking-news","tag-breakingnews","tag-donald-trump","tag-ee","tag-eesti","tag-eesti-keel","tag-estonia","tag-estonian","tag-featured-news","tag-featurednews","tag-g7","tag-giorgia-meloni","tag-headlines","tag-itaalia","tag-latest-news","tag-latestnews","tag-news","tag-populaarseimad-lood","tag-top-stories","tag-topstories","tag-uldised-uudised","tag-usa","tag-uudised","tag-viimased-uudised"],"share_on_mastodon":{"url":"https:\/\/pubeurope.com\/@ee\/116778837177017058","error":""},"_links":{"self":[{"href":"https:\/\/www.europesays.com\/ee\/wp-json\/wp\/v2\/posts\/208780","targetHints":{"allow":["GET"]}}],"collection":[{"href":"https:\/\/www.europesays.com\/ee\/wp-json\/wp\/v2\/posts"}],"about":[{"href":"https:\/\/www.europesays.com\/ee\/wp-json\/wp\/v2\/types\/post"}],"author":[{"embeddable":true,"href":"https:\/\/www.europesays.com\/ee\/wp-json\/wp\/v2\/users\/2"}],"replies":[{"embeddable":true,"href":"https:\/\/www.europesays.com\/ee\/wp-json\/wp\/v2\/comments?post=208780"}],"version-history":[{"count":0,"href":"https:\/\/www.europesays.com\/ee\/wp-json\/wp\/v2\/posts\/208780\/revisions"}],"wp:featuredmedia":[{"embeddable":true,"href":"https:\/\/www.europesays.com\/ee\/wp-json\/wp\/v2\/media\/208781"}],"wp:attachment":[{"href":"https:\/\/www.europesays.com\/ee\/wp-json\/wp\/v2\/media?parent=208780"}],"wp:term":[{"taxonomy":"category","embeddable":true,"href":"https:\/\/www.europesays.com\/ee\/wp-json\/wp\/v2\/categories?post=208780"},{"taxonomy":"post_tag","embeddable":true,"href":"https:\/\/www.europesays.com\/ee\/wp-json\/wp\/v2\/tags?post=208780"}],"curies":[{"name":"wp","href":"https:\/\/api.w.org\/{rel}","templated":true}]}}