{"id":208811,"date":"2026-06-19T21:52:23","date_gmt":"2026-06-19T21:52:23","guid":{"rendered":"https:\/\/www.europesays.com\/ee\/208811\/"},"modified":"2026-06-19T21:52:23","modified_gmt":"2026-06-19T21:52:23","slug":"intervjuu-%e2%9f%a9-luik-konelustest-venemaaga-praegu-pole-vaja-anda-putinile-poliitilist-hapnikku","status":"publish","type":"post","link":"https:\/\/www.europesays.com\/ee\/208811\/","title":{"rendered":"INTERVJUU \u27e9 Luik k\u00f5nelustest Venemaaga: praegu pole vaja anda Putinile poliitilist hapnikku"},"content":{"rendered":"<p>V\u00f5ib-olla esimest korda \u00fcle pika aja on strateegiline edu Ukrainas k\u00e4es ja sellises seisus pole vaja anda Vladimir Putinile poliitilist hapnikku, kommenteeris Eestit NATO juures esindav suursaadik J\u00fcri Luik teatud Euroopa riikides tekkinud huvi Venemaaga k\u00f5nelemise vastu.<\/p>\n<p class=\"x_MsoNormal\">Neljap\u00e4evase NATO kaitseministrite kohtumise j\u00e4rel Postimehele antud intervjuus t\u00f5i positiivse arenguna v\u00e4lja ka sellen\u00e4dalaselt G7 tippkohtumiselt saadud kinnituse, et Donald Trump toetab Ukraina tugevdamist.<\/p>\n","protected":false},"excerpt":{"rendered":"V\u00f5ib-olla esimest korda \u00fcle pika aja on strateegiline edu Ukrainas k\u00e4es ja sellises seisus pole vaja anda Vladimir&hellip;\n","protected":false},"author":2,"featured_media":208812,"comment_status":"","ping_status":"","sticky":false,"template":"","format":"standard","meta":{"footnotes":"","_share_on_mastodon":"0"},"categories":[18],"tags":[37,33,35,34,36,590,13528,2931,54,1205,159,158,262,96],"class_list":["post-208811","post","type-post","status-publish","format-standard","has-post-thumbnail","category-sport","tag-ee","tag-eesti","tag-eesti-keel","tag-estonia","tag-estonian","tag-euroopa-liit","tag-g7","tag-juri-luik","tag-nato","tag-pete-hegseth","tag-sport","tag-sports","tag-ukraina","tag-venemaa"],"share_on_mastodon":{"url":"https:\/\/pubeurope.com\/@ee\/116778994428140891","error":""},"_links":{"self":[{"href":"https:\/\/www.europesays.com\/ee\/wp-json\/wp\/v2\/posts\/208811","targetHints":{"allow":["GET"]}}],"collection":[{"href":"https:\/\/www.europesays.com\/ee\/wp-json\/wp\/v2\/posts"}],"about":[{"href":"https:\/\/www.europesays.com\/ee\/wp-json\/wp\/v2\/types\/post"}],"author":[{"embeddable":true,"href":"https:\/\/www.europesays.com\/ee\/wp-json\/wp\/v2\/users\/2"}],"replies":[{"embeddable":true,"href":"https:\/\/www.europesays.com\/ee\/wp-json\/wp\/v2\/comments?post=208811"}],"version-history":[{"count":0,"href":"https:\/\/www.europesays.com\/ee\/wp-json\/wp\/v2\/posts\/208811\/revisions"}],"wp:featuredmedia":[{"embeddable":true,"href":"https:\/\/www.europesays.com\/ee\/wp-json\/wp\/v2\/media\/208812"}],"wp:attachment":[{"href":"https:\/\/www.europesays.com\/ee\/wp-json\/wp\/v2\/media?parent=208811"}],"wp:term":[{"taxonomy":"category","embeddable":true,"href":"https:\/\/www.europesays.com\/ee\/wp-json\/wp\/v2\/categories?post=208811"},{"taxonomy":"post_tag","embeddable":true,"href":"https:\/\/www.europesays.com\/ee\/wp-json\/wp\/v2\/tags?post=208811"}],"curies":[{"name":"wp","href":"https:\/\/api.w.org\/{rel}","templated":true}]}}