{"id":208843,"date":"2026-06-19T22:50:23","date_gmt":"2026-06-19T22:50:23","guid":{"rendered":"https:\/\/www.europesays.com\/ee\/208843\/"},"modified":"2026-06-19T22:50:23","modified_gmt":"2026-06-19T22:50:23","slug":"eesti-punkband-skoone-laheb-oktoobris-mehhiko-tuurile-muusika","status":"publish","type":"post","link":"https:\/\/www.europesays.com\/ee\/208843\/","title":{"rendered":"Eesti punkb\u00e4nd Skoone l\u00e4heb oktoobris Mehhiko tuurile | Muusika"},"content":{"rendered":"<p>Tallinna punkb\u00e4nd Skoone j\u00f5uab t\u00e4navu oktoobris esmakordselt Mehhikosse, kus annab ligi kahe n\u00e4dala jooksul kontserte \u00fcle kogu riigi p\u00f5hjaosa. Tegemist on b\u00e4ndi seni suurima rahvusvahelise tuuriga ning \u00fchtlasi esimese korraga, kui Skoone esineb v\u00e4ljaspool Euroopat.<\/p>\n<p>Damn.Loud Agency korraldatud tuur viib b\u00e4ndi Mexico Cityst Guadalajarani, l\u00e4bides teel mitmeid Mehhiko olulisi punk- ja alternatiivmuusika kogukondi. Kontserdid toimuvad muu hulgas Tolucas, Quer\u00e9taros, Le\u00f3nis, San Luis Potos\u00eds ja Monterreys.<\/p>\n<p>Kokku annab b\u00e4nd 9. kuni 20. oktoobrini 12 kontserti.<\/p>\n<p>Skoone on viimaste aastate jooksul kujunenud \u00fcheks silmapaistvamaks nimeks Eesti pungi skeenel. B\u00e4nd on j\u00e4rjepidevalt laiendanud oma tegevust v\u00e4ljaspool Eestit, esinedes erinevates Euroopa riikides ning kasvatades oma publikut ka rahvusvaheliselt.<\/p>\n<p>&#8220;Meie jaoks on tegemist erakordse v\u00f5imalusega viia Eesti punkmuusika t\u00e4iesti uue publikuni. Mehhiko underground-skene on tuntud oma kire ja p\u00fchendumuse poolest ning me ei j\u00f5ua \u00e4ra oodata, et seal lavale astuda,&#8221; kommenteeris b\u00e4nd.<\/p>\n<p>B\u00e4ndi teine album &#8220;Inimeste inimene&#8221; tuli ERR-i kultuuriportaali kriitikute k\u00fcsitluses <a href=\"https:\/\/kultuur.err.ee\/1609885711\/edetabel-aasta-parimad-albumid-2025\" target=\"_blank\" rel=\"noopener nofollow\">aasta albumite edetabelis<\/a> 13. kohale ning Areeni edetabeli esimesele kohale.<\/p>\n<p><img decoding=\"async\" src=\"https:\/\/www.europesays.com\/ee\/wp-content\/uploads\/2026\/06\/3665878h3d8b.jpg\" caption=\"false\" width=\"100%\"\/><\/p>\n<p>Damn.Loud Agency asutaja Roman Demt\u0161enko s\u00f5nul on Skoone Mehhiko tuur oluline samm nii b\u00e4ndi kui ka Eesti alternatiivmuusika rahvusvahelise n\u00e4htavuse jaoks.<\/p>\n<p>&#8220;Kuigi oleme seni keskendunud peamiselt rahvusvaheliste artistide Eestisse toomisele, tekib aastate jooksul \u00fcles ehitatud v\u00f5rgustike kaudu aeg-ajalt v\u00f5imalus saata Eesti muusikat ka maailma. Skoone Mehhiko tuur n\u00e4itab ilmekalt, et j\u00e4rjepidev kogukondlik koost\u00f6\u00f6 v\u00f5ib viia Eesti alternatiivkultuuri tuhandete kilomeetrite kaugusele. See on n\u00e4ide sellest, kuidas s\u00f5ltumatud kultuuriv\u00f5rgustikud toimivad \u00fcle piiride ning kuidas pikaajaline t\u00f6\u00f6 v\u00f5ib avada Eesti artistidele uksi kohtadesse, kuhu institutsionaalsed kanalid sageli ei ulatu,&#8221; lisas Demt\u0161enko.<\/p>\n","protected":false},"excerpt":{"rendered":"Tallinna punkb\u00e4nd Skoone j\u00f5uab t\u00e4navu oktoobris esmakordselt Mehhikosse, kus annab ligi kahe n\u00e4dala jooksul kontserte \u00fcle kogu riigi&hellip;\n","protected":false},"author":2,"featured_media":208844,"comment_status":"","ping_status":"","sticky":false,"template":"","format":"standard","meta":{"footnotes":"","_share_on_mastodon":"0"},"categories":[12],"tags":[26,27,37,33,35,34,36,31,32,21,28,29,19,25,2841,23,24,22,20,30],"class_list":["post-208843","post","type-post","status-publish","format-standard","has-post-thumbnail","category-eesti","tag-breaking-news","tag-breakingnews","tag-ee","tag-eesti","tag-eesti-keel","tag-estonia","tag-estonian","tag-featured-news","tag-featurednews","tag-headlines","tag-latest-news","tag-latestnews","tag-news","tag-populaarseimad-lood","tag-skoone","tag-top-stories","tag-topstories","tag-uldised-uudised","tag-uudised","tag-viimased-uudised"],"share_on_mastodon":{"url":"https:\/\/pubeurope.com\/@ee\/116779222847590675","error":""},"_links":{"self":[{"href":"https:\/\/www.europesays.com\/ee\/wp-json\/wp\/v2\/posts\/208843","targetHints":{"allow":["GET"]}}],"collection":[{"href":"https:\/\/www.europesays.com\/ee\/wp-json\/wp\/v2\/posts"}],"about":[{"href":"https:\/\/www.europesays.com\/ee\/wp-json\/wp\/v2\/types\/post"}],"author":[{"embeddable":true,"href":"https:\/\/www.europesays.com\/ee\/wp-json\/wp\/v2\/users\/2"}],"replies":[{"embeddable":true,"href":"https:\/\/www.europesays.com\/ee\/wp-json\/wp\/v2\/comments?post=208843"}],"version-history":[{"count":0,"href":"https:\/\/www.europesays.com\/ee\/wp-json\/wp\/v2\/posts\/208843\/revisions"}],"wp:featuredmedia":[{"embeddable":true,"href":"https:\/\/www.europesays.com\/ee\/wp-json\/wp\/v2\/media\/208844"}],"wp:attachment":[{"href":"https:\/\/www.europesays.com\/ee\/wp-json\/wp\/v2\/media?parent=208843"}],"wp:term":[{"taxonomy":"category","embeddable":true,"href":"https:\/\/www.europesays.com\/ee\/wp-json\/wp\/v2\/categories?post=208843"},{"taxonomy":"post_tag","embeddable":true,"href":"https:\/\/www.europesays.com\/ee\/wp-json\/wp\/v2\/tags?post=208843"}],"curies":[{"name":"wp","href":"https:\/\/api.w.org\/{rel}","templated":true}]}}