{"id":208878,"date":"2026-06-20T00:18:30","date_gmt":"2026-06-20T00:18:30","guid":{"rendered":"https:\/\/www.europesays.com\/ee\/208878\/"},"modified":"2026-06-20T00:18:30","modified_gmt":"2026-06-20T00:18:30","slug":"kuku-%e2%9f%a9-alexela-juht-konkurentsiametil-on-oma-soovituses-absoluutselt-oigus","status":"publish","type":"post","link":"https:\/\/www.europesays.com\/ee\/208878\/","title":{"rendered":"KUKU \u27e9 Alexela juht: konkurentsiametil on oma soovituses absoluutselt \u00f5igus"},"content":{"rendered":"<p>Konkurentsiamet juhtis k\u00fctusem\u00fc\u00fcjate t\u00e4helepanu, et nende avalikud kommentaarid k\u00fctusehindade kohta v\u00f5ivad kahjustada konkurentsi, kirjutas <a target=\"_blank\" rel=\"noopener noreferrer nofollow\" href=\"https:\/\/majandus.postimees.ee\/8492608\/riik-soovitab-kutusemuujatel-hindu-vahem-pohjendada-ekspert-ettepanek-on-ullatav\">Postimees<\/a> varem.<\/p>\n<p>Kui k\u00fctuse\u00fchingu juht <a target=\"_blank\" rel=\"noopener noreferrer nofollow\" href=\"https:\/\/www.postimees.ee\/8493425\/kuku-kutuseuhingu-juht-konkurentsiameti-kiri-tuli-kui-valk-selgest-taevast\">Krista-Maria Alas<\/a> ja Terminali juht Alan Vaht olid sellest soovitusest \u00fcllatunud, siis Alexela juht peab seda p\u00f5hjendatuks. \u00abArvestades, et olen kunagi l\u00f5petanud Tartu \u00dclikooli, saan suurep\u00e4raselt aru, mida konkurentsiamet \u00fctles,\u00bb kommenteeris ta. \u00abKonkurentsiametil on p\u00f5him\u00f5tteliselt selle soovituse andmisel absoluutselt \u00f5igus ja minu silmad seda lugedes suureks ei l\u00e4inud.\u00bb<\/p>\n<p>H\u00e4\u00e4l r\u00e4\u00e4kis, et konkurentsiamet ei piiranud ettev\u00f5tjate s\u00f5navabadust, vaid \u00fctles, et seda tuleb kasutada konkurentsireegleid rikkumata. \u00abNii nagu asjatundjad on \u00f5igesti \u00f6elnud, et lihtne on juhtida t\u00e4helepanu reeglitele ja palju raskem on aru saada, kuidas ma neis situatsioonides peaks k\u00e4ituma.\u00bb<\/p>\n<p>Pikemat arutelu k\u00fctusehindadest, julgeolekust ja tuumaenergiastki kuula juba saatest!<\/p>\n","protected":false},"excerpt":{"rendered":"Konkurentsiamet juhtis k\u00fctusem\u00fc\u00fcjate t\u00e4helepanu, et nende avalikud kommentaarid k\u00fctusehindade kohta v\u00f5ivad kahjustada konkurentsi, kirjutas Postimees varem. Kui k\u00fctuse\u00fchingu&hellip;\n","protected":false},"author":2,"featured_media":208879,"comment_status":"","ping_status":"","sticky":false,"template":"","format":"standard","meta":{"footnotes":"","_share_on_mastodon":"0"},"categories":[12],"tags":[26,27,37,33,35,34,36,31,32,21,7639,3592,28,29,19524,19,25,23,24,22,20,30],"class_list":["post-208878","post","type-post","status-publish","format-standard","has-post-thumbnail","category-eesti","tag-breaking-news","tag-breakingnews","tag-ee","tag-eesti","tag-eesti-keel","tag-estonia","tag-estonian","tag-featured-news","tag-featurednews","tag-headlines","tag-konkurentsiamet","tag-kutusehind","tag-latest-news","tag-latestnews","tag-marti-haal","tag-news","tag-populaarseimad-lood","tag-top-stories","tag-topstories","tag-uldised-uudised","tag-uudised","tag-viimased-uudised"],"share_on_mastodon":{"url":"https:\/\/pubeurope.com\/@ee\/116779568697491047","error":""},"_links":{"self":[{"href":"https:\/\/www.europesays.com\/ee\/wp-json\/wp\/v2\/posts\/208878","targetHints":{"allow":["GET"]}}],"collection":[{"href":"https:\/\/www.europesays.com\/ee\/wp-json\/wp\/v2\/posts"}],"about":[{"href":"https:\/\/www.europesays.com\/ee\/wp-json\/wp\/v2\/types\/post"}],"author":[{"embeddable":true,"href":"https:\/\/www.europesays.com\/ee\/wp-json\/wp\/v2\/users\/2"}],"replies":[{"embeddable":true,"href":"https:\/\/www.europesays.com\/ee\/wp-json\/wp\/v2\/comments?post=208878"}],"version-history":[{"count":0,"href":"https:\/\/www.europesays.com\/ee\/wp-json\/wp\/v2\/posts\/208878\/revisions"}],"wp:featuredmedia":[{"embeddable":true,"href":"https:\/\/www.europesays.com\/ee\/wp-json\/wp\/v2\/media\/208879"}],"wp:attachment":[{"href":"https:\/\/www.europesays.com\/ee\/wp-json\/wp\/v2\/media?parent=208878"}],"wp:term":[{"taxonomy":"category","embeddable":true,"href":"https:\/\/www.europesays.com\/ee\/wp-json\/wp\/v2\/categories?post=208878"},{"taxonomy":"post_tag","embeddable":true,"href":"https:\/\/www.europesays.com\/ee\/wp-json\/wp\/v2\/tags?post=208878"}],"curies":[{"name":"wp","href":"https:\/\/api.w.org\/{rel}","templated":true}]}}