{"id":208900,"date":"2026-06-20T01:36:30","date_gmt":"2026-06-20T01:36:30","guid":{"rendered":"https:\/\/www.europesays.com\/ee\/208900\/"},"modified":"2026-06-20T01:36:30","modified_gmt":"2026-06-20T01:36:30","slug":"ilmaprognoos-jaanipaev-tuleb-vihmane-tuuline-ja-vordlemisi-jahe","status":"publish","type":"post","link":"https:\/\/www.europesays.com\/ee\/208900\/","title":{"rendered":"Ilmaprognoos: jaanip\u00e4ev tuleb vihmane, tuuline ja v\u00f5rdlemisi jahe"},"content":{"rendered":"<p>Keskkonnaagentuuri ilmaprognoosi j\u00e4rgi tuleb t\u00e4navune jaanip\u00e4ev tuuline ja vihmane ning v\u00f5rdlemisi jahe, teatab BNS.<\/p>\n<p>Jaanip\u00e4evale eelnev v\u00f5idup\u00fcha 23. juunil on veidi parema ilmaga. Siis k\u00f5rgr\u00f5huala Eesti kohal n\u00f5rgeneb ja p\u00fcsib peamiselt sajuta n\u00f5rga muutliku tuulega ilm. \u00d6\u00f6sel on sooja 9-15, p\u00e4eval 18-23 kraadi.<\/p>\n<p>Jaanip\u00e4eval ehk 24. juunil\u00a0liigub Norra merelt aktiivne madalr\u00f5hkkond \u00fcle Skandinaavia t\u00f5en\u00e4oliselt Ahvenamaa kohale. P\u00e4rast s\u00fcda\u00f6\u00f6d j\u00f5uab vihm Hiiu- ja Saaremaale ning sadu levib kiiresti \u00fcle maa ja on paiguti tugev.<\/p>\n<p>\u00d6\u00f6sel kagutuul tugevneb, p\u00e4eval p\u00f6\u00f6rdub edelasse ja on ikka tugev. \u00d6\u00f6sel on sooja 9-15 kraadi, kohati langeb temperatuur 7 kraadii, p\u00e4eval on sooja 17-21 kraadi.<\/p>\n","protected":false},"excerpt":{"rendered":"Keskkonnaagentuuri ilmaprognoosi j\u00e4rgi tuleb t\u00e4navune jaanip\u00e4ev tuuline ja vihmane ning v\u00f5rdlemisi jahe, teatab BNS. Jaanip\u00e4evale eelnev v\u00f5idup\u00fcha 23.&hellip;\n","protected":false},"author":2,"featured_media":208901,"comment_status":"","ping_status":"","sticky":false,"template":"","format":"standard","meta":{"footnotes":"","_share_on_mastodon":"0"},"categories":[5],"tags":[85218,26,27,37,33,35,34,36,31,32,21,10852,44494,28,29,19,85219,85220,25,23,24,22,20,30],"class_list":["post-208900","post","type-post","status-publish","format-standard","has-post-thumbnail","category-uldised-uudised","tag-aktiivne-madalrohkkond","tag-breaking-news","tag-breakingnews","tag-ee","tag-eesti","tag-eesti-keel","tag-estonia","tag-estonian","tag-featured-news","tag-featurednews","tag-headlines","tag-ilmaprognoos","tag-jaanipaev","tag-latest-news","tag-latestnews","tag-news","tag-norra-merelt","tag-oosel","tag-populaarseimad-lood","tag-top-stories","tag-topstories","tag-uldised-uudised","tag-uudised","tag-viimased-uudised"],"share_on_mastodon":{"url":"https:\/\/pubeurope.com\/@ee\/116779875198528986","error":""},"_links":{"self":[{"href":"https:\/\/www.europesays.com\/ee\/wp-json\/wp\/v2\/posts\/208900","targetHints":{"allow":["GET"]}}],"collection":[{"href":"https:\/\/www.europesays.com\/ee\/wp-json\/wp\/v2\/posts"}],"about":[{"href":"https:\/\/www.europesays.com\/ee\/wp-json\/wp\/v2\/types\/post"}],"author":[{"embeddable":true,"href":"https:\/\/www.europesays.com\/ee\/wp-json\/wp\/v2\/users\/2"}],"replies":[{"embeddable":true,"href":"https:\/\/www.europesays.com\/ee\/wp-json\/wp\/v2\/comments?post=208900"}],"version-history":[{"count":0,"href":"https:\/\/www.europesays.com\/ee\/wp-json\/wp\/v2\/posts\/208900\/revisions"}],"wp:featuredmedia":[{"embeddable":true,"href":"https:\/\/www.europesays.com\/ee\/wp-json\/wp\/v2\/media\/208901"}],"wp:attachment":[{"href":"https:\/\/www.europesays.com\/ee\/wp-json\/wp\/v2\/media?parent=208900"}],"wp:term":[{"taxonomy":"category","embeddable":true,"href":"https:\/\/www.europesays.com\/ee\/wp-json\/wp\/v2\/categories?post=208900"},{"taxonomy":"post_tag","embeddable":true,"href":"https:\/\/www.europesays.com\/ee\/wp-json\/wp\/v2\/tags?post=208900"}],"curies":[{"name":"wp","href":"https:\/\/api.w.org\/{rel}","templated":true}]}}