{"id":208971,"date":"2026-06-20T05:35:12","date_gmt":"2026-06-20T05:35:12","guid":{"rendered":"https:\/\/www.europesays.com\/ee\/208971\/"},"modified":"2026-06-20T05:35:12","modified_gmt":"2026-06-20T05:35:12","slug":"kulaseltsid-sai-ule-20-000-euro-toetust","status":"publish","type":"post","link":"https:\/\/www.europesays.com\/ee\/208971\/","title":{"rendered":"K\u00fclaseltsid sai \u00fcle 20\u00a0000 euro toetust"},"content":{"rendered":"<p>            <a href=\"https:\/\/www.europesays.com\/ee\/wp-content\/uploads\/2026\/06\/Jaateega-Vormsis-Kaire-31-Ene-sarapuu.jpg\" data-caption=\"Foto Kaire Reiljan\"><img loading=\"lazy\" width=\"696\" height=\"464\" class=\"entry-thumb td-modal-image lazyload\" alt=\"\" title=\"J\u00e4\u00e4teega Vormsis-Kaire (31) Ene sarapuu\" src=\"https:\/\/www.europesays.com\/ee\/wp-content\/uploads\/2026\/06\/Jaateega-Vormsis-Kaire-31-Ene-sarapuu-696x464.jpg\" decoding=\"async\"  data- data-eio-rwidth=\"696\" data-eio-rheight=\"464\"\/><\/a>Foto Kaire Reiljan<\/p>\n<p><a href=\"https:\/\/www.europesays.com\/ee\/wp-content\/uploads\/2026\/06\/Jaateega-Vormsis-Kaire-31-Ene-sarapuu.jpg\" rel=\"lightbox[477149]\"><img fetchpriority=\"high\" decoding=\"async\" class=\"wp-image-466736 size-full lazyload\" alt=\"\" width=\"1920\" height=\"1280\" src=\"https:\/\/www.europesays.com\/ee\/wp-content\/uploads\/2026\/06\/Jaateega-Vormsis-Kaire-31-Ene-sarapuu.jpg\"  data- data-eio-rwidth=\"1920\" data-eio-rheight=\"1280\"\/><\/a>Ene Sarapuu. Foto Kaire Reiljan<\/p>\n<p>L\u00e4\u00e4nemaa k\u00fclaseltsid said kohaliku omaalgatuse programmist kokku \u00fcle 20\u00a0000 euro toetust.<\/p>\n<p>Maksimumsumma 4000 eurot sai R\u00e4lby k\u00fclaselts murutraktori ostmiseks. Seltsil on pool hektarit maad, kus asub k\u00fclamaja ja saun ning korraldatakse laatu. \u201eLaup\u00e4eval oli kalap\u00e4ev,\u201d \u00fctles R\u00e4lby k\u00fclaseltsi juhatuse liige Ene Sarapuu. Peale seltsimaja \u00fcmbruse niitmise saaksid seltsi liikmed murutraktorit oma tarbeks kasutada.<\/p>\n<p>2023. aastal asutatud R\u00e4lby k\u00fclaseltsis on paark\u00fcmmend liiget. Registri j\u00e4rgi on k\u00fclas 30 elaniku ringis, aga suurem osa neist on suvitajad. \u201eTalviti kuus-seitse suitsu,\u201d \u00fctles Sarapuu.<\/p>\n<p>Artikkel j\u00e4tkub peale reklaami<img decoding=\"async\" onload=\"gtag('event', 'impression', {'event_category': 'Adverts', 'event_label': 'Tene t\u00f6\u00f6kuultus 15.06- kuni ise l\u00f5petavad', 'value': 2.00, 'non_interaction': true});\" src=\"https:\/\/www.europesays.com\/ee\/wp-content\/uploads\/2026\/06\/970x250px_Tene-tookuulutus_LE_JUUNI2026.jpg\" data-eio=\"l\"\/><\/a><\/p>\n<p>4000 eurot toetust said veel Piirsalu k\u00fclaselts rahvamaja fassaadi uuendamiseks ja Variku k\u00fclaselts k\u00fclakiige jaoks.<\/p>\n<p>Nooruke Saunja k\u00fclaselts sai 900 eurot, et koguda m\u00e4lestusi ja fotosid ning panna neist kokku virtuaalne kogumik, mida edaspidi saaks tr\u00fckki anda. \u201ePlaan on teha ka video ja korraldada digioskuste \u00f5pituba,\u201d \u00fctles k\u00fclaseltsi juhatuse liige Helina Laht.<\/p>\n<p>Laht m\u00e4rkis, et m\u00e4lestusi kogutakse k\u00fcla esmamainimise 490. aastap\u00e4evaks, mis on tuleval aastal. Saunja k\u00fclaselts on loodud 2024. aastal ja seal on \u00fcle 40 liikme. K\u00fclas on \u00fcle 150 elaniku.<\/p>\n<p>Kohaliku omaalgatuse programmi seekordsesse vooru laekus maakonnast 35 taotlust, toetust sai kaheksa.<\/p>\n<p>Saadud toetused eurodes (\u00fcmardatult)<\/p>\n<ul>\n<li>Piirsalu k\u00fclaselts 4000 (rahvamaja fassaadi puhastamine ja v\u00e4rvimine).<\/li>\n<li>Variku k\u00fclaselts 4000 (k\u00fclaplatsile k\u00fclakiik).<\/li>\n<li>R\u00e4lby k\u00fclaselts 4000 (murutraktor).<\/li>\n<li>Kiideva k\u00fclaselts 4000 (uus tantsuplats).<\/li>\n<li>Elbiku k\u00fclaselts 2100 (kogukonna puhkeala kujundamine).<\/li>\n<li>MT\u00dc Risti Padel 1300 (mitmev\u00f5istluse korraldamine).<\/li>\n<li>Saunja k\u00fclaselts 900 (m\u00e4lestuste ja fotode kogumine ja neist kogumiku koostamine).<\/li>\n<li>Linnam\u00e4e arenguselts 625 (taluturu k\u00fclmik).<\/li>\n<\/ul>\n<p>Allikas: L\u00e4\u00e4ne-Nigula vald<\/p>\n<p>Reklaam<\/p>\n","protected":false},"excerpt":{"rendered":"Foto Kaire Reiljan Ene Sarapuu. Foto Kaire Reiljan L\u00e4\u00e4nemaa k\u00fclaseltsid said kohaliku omaalgatuse programmist kokku \u00fcle 20\u00a0000 euro&hellip;\n","protected":false},"author":2,"featured_media":208972,"comment_status":"","ping_status":"","sticky":false,"template":"","format":"standard","meta":{"footnotes":"","_share_on_mastodon":"0"},"categories":[14],"tags":[131,130,37,33,35,85251,34,36,85252,65851,85253],"class_list":["post-208971","post","type-post","status-publish","format-standard","has-post-thumbnail","category-ari","tag-ari","tag-business","tag-ee","tag-eesti","tag-eesti-keel","tag-ene-sarapuu","tag-estonia","tag-estonian","tag-helina-laht","tag-kohaliku-omaalgatuse-programm","tag-sirli-olgo"],"share_on_mastodon":{"url":"https:\/\/pubeurope.com\/@ee\/116780815509539094","error":""},"_links":{"self":[{"href":"https:\/\/www.europesays.com\/ee\/wp-json\/wp\/v2\/posts\/208971","targetHints":{"allow":["GET"]}}],"collection":[{"href":"https:\/\/www.europesays.com\/ee\/wp-json\/wp\/v2\/posts"}],"about":[{"href":"https:\/\/www.europesays.com\/ee\/wp-json\/wp\/v2\/types\/post"}],"author":[{"embeddable":true,"href":"https:\/\/www.europesays.com\/ee\/wp-json\/wp\/v2\/users\/2"}],"replies":[{"embeddable":true,"href":"https:\/\/www.europesays.com\/ee\/wp-json\/wp\/v2\/comments?post=208971"}],"version-history":[{"count":0,"href":"https:\/\/www.europesays.com\/ee\/wp-json\/wp\/v2\/posts\/208971\/revisions"}],"wp:featuredmedia":[{"embeddable":true,"href":"https:\/\/www.europesays.com\/ee\/wp-json\/wp\/v2\/media\/208972"}],"wp:attachment":[{"href":"https:\/\/www.europesays.com\/ee\/wp-json\/wp\/v2\/media?parent=208971"}],"wp:term":[{"taxonomy":"category","embeddable":true,"href":"https:\/\/www.europesays.com\/ee\/wp-json\/wp\/v2\/categories?post=208971"},{"taxonomy":"post_tag","embeddable":true,"href":"https:\/\/www.europesays.com\/ee\/wp-json\/wp\/v2\/tags?post=208971"}],"curies":[{"name":"wp","href":"https:\/\/api.w.org\/{rel}","templated":true}]}}