{"id":208980,"date":"2026-06-20T05:45:08","date_gmt":"2026-06-20T05:45:08","guid":{"rendered":"https:\/\/www.europesays.com\/ee\/208980\/"},"modified":"2026-06-20T05:45:08","modified_gmt":"2026-06-20T05:45:08","slug":"tana-delfi-tv-s-lauluvaljaku-major-jatkub-kolmanda-ringiga-kas-15-aastase-tsehhi-tudruku-imeturniir-jatkub-ohtul-korges-mangus-kour-ja-kivisilla","status":"publish","type":"post","link":"https:\/\/www.europesays.com\/ee\/208980\/","title":{"rendered":"T\u00c4NA DELFI TV-s | Lauluv\u00e4ljaku Major j\u00e4tkub kolmanda ringiga. Kas 15-aastase T\u0161ehhi t\u00fcdruku imeturniir j\u00e4tkub? \u00d5htul k\u00f5rges m\u00e4ngus K\u00f5ur ja Kivisilla"},"content":{"rendered":"<p>Kolmanda ringi eel juhib naiste v\u00f5istlust soomlanna Eveliina Salonen, kelle kahe ringi koondtulemus on 10 alla par\u00b4i. Teiseks t\u00f5usis reedel \u00fcllatuslikult alles 15-aastane t\u0161ehh Krist\u00fdna Jur\u010d\u00edkov\u00e1, kes j\u00e4\u00e4b Salonenist maha kahe viskega. <\/p>\n<p>Saloneni ja Jur\u010d\u00edkov\u00e1 j\u00e4rel jagavad kolmandat kohta soomlanna Henne Blomroos, ameeriklanna Ella Hansen, norralanna Anniken Kristiansen Steen ja teine ameeriklanna Missy Gannon. K\u00f5igi skooriks -6.<\/p>\n<p>Parima Eesti naisena hoiab Keiti T\u00e4tte skooriga +4 20. kohta. Kaidi Allsalu (+6) jagab 24. kohta, Anneli T\u00f5ugjas-M\u00e4nniste (+9) on 28. ja Kaire Tekku (+10) 29.<\/p>\n<p>Meeste v\u00f5istlust juhib laup\u00e4evase kolmanda ringi eel Gannon Buhr tulemusega 19 alla par\u00b4i. Lisaks talle kuuluvad liidegruppi soomlane Teemu Lampainen (-18) ning ameeriklased Richard Wysocki (-16) ja Calvin Heimburg (-13).<\/p>\n<p>Eestlastest suur\u00fcllatajad Ville Kivisilla ja Roland K\u00f5ur tulevad rajale j\u00e4litajate grupis ehk chase card\u00b4is. Kivisilla on kolmanda ringi eel skooriga -12 viies ning K\u00f5ur jagab skooriga -10 seitsmendat kohta. Lisaks Kivisillale ja K\u00f5urile kuuluvad j\u00e4litajate gruppi Gavin Babcock (-11) ja Isaac Robinson (-10).<\/p>\n<p>Laup\u00e4evase kolmanda ringi j\u00e4rel selguvad m\u00e4ngijad, kes p\u00e4\u00e4sevad p\u00fchap\u00e4evasele finaalp\u00e4evale. Meestest tagavad sinna koha 64 paremat ja naistest 28 paremat.<\/p>\n<p>Oled juba tellija?Logi sisse<\/p>\n<p><a href=\"https:\/\/sport.delfi.ee\/artikkel\/120592276\/tana-delfi-tv-s-lauluvaljaku-major-jatkub-kolmanda-ringiga-kas-15-aastase-tsehhi-tudruku-imeturniir-jatkub-ohtul-korges-mangus-kour-ja-kivisilla\/kommentaarid\" class=\"article-body-bottom__comment article-body-bottom__comment--write button button--primary button--size-auto\" rel=\"nofollow noopener\" target=\"_blank\"> Kommenteeri <\/a><a href=\"https:\/\/sport.delfi.ee\/artikkel\/120592276\/tana-delfi-tv-s-lauluvaljaku-major-jatkub-kolmanda-ringiga-kas-15-aastase-tsehhi-tudruku-imeturniir-jatkub-ohtul-korges-mangus-kour-ja-kivisilla\/kommentaarid\" class=\"article-body-bottom__comment article-body-bottom__comment--read button button--size-auto\" rel=\"nofollow noopener\" target=\"_blank\"> Loe kommentaare <\/a><\/p>\n","protected":false},"excerpt":{"rendered":"Kolmanda ringi eel juhib naiste v\u00f5istlust soomlanna Eveliina Salonen, kelle kahe ringi koondtulemus on 10 alla par\u00b4i. Teiseks&hellip;\n","protected":false},"author":2,"featured_media":208981,"comment_status":"","ping_status":"","sticky":false,"template":"","format":"standard","meta":{"footnotes":"","_share_on_mastodon":"0"},"categories":[18],"tags":[1264,37,33,35,34,36,77197,85270,65587,159,158,12349],"class_list":["post-208980","post","type-post","status-publish","format-standard","has-post-thumbnail","category-sport","tag-discgolf","tag-ee","tag-eesti","tag-eesti-keel","tag-estonia","tag-estonian","tag-euroopa-discgolfi-festival","tag-eveliina-salonen","tag-roland-kour","tag-sport","tag-sports","tag-tallinna-lauluvaljak"],"share_on_mastodon":{"url":"https:\/\/pubeurope.com\/@ee\/116780854577853334","error":""},"_links":{"self":[{"href":"https:\/\/www.europesays.com\/ee\/wp-json\/wp\/v2\/posts\/208980","targetHints":{"allow":["GET"]}}],"collection":[{"href":"https:\/\/www.europesays.com\/ee\/wp-json\/wp\/v2\/posts"}],"about":[{"href":"https:\/\/www.europesays.com\/ee\/wp-json\/wp\/v2\/types\/post"}],"author":[{"embeddable":true,"href":"https:\/\/www.europesays.com\/ee\/wp-json\/wp\/v2\/users\/2"}],"replies":[{"embeddable":true,"href":"https:\/\/www.europesays.com\/ee\/wp-json\/wp\/v2\/comments?post=208980"}],"version-history":[{"count":0,"href":"https:\/\/www.europesays.com\/ee\/wp-json\/wp\/v2\/posts\/208980\/revisions"}],"wp:featuredmedia":[{"embeddable":true,"href":"https:\/\/www.europesays.com\/ee\/wp-json\/wp\/v2\/media\/208981"}],"wp:attachment":[{"href":"https:\/\/www.europesays.com\/ee\/wp-json\/wp\/v2\/media?parent=208980"}],"wp:term":[{"taxonomy":"category","embeddable":true,"href":"https:\/\/www.europesays.com\/ee\/wp-json\/wp\/v2\/categories?post=208980"},{"taxonomy":"post_tag","embeddable":true,"href":"https:\/\/www.europesays.com\/ee\/wp-json\/wp\/v2\/tags?post=208980"}],"curies":[{"name":"wp","href":"https:\/\/api.w.org\/{rel}","templated":true}]}}