{"id":209053,"date":"2026-06-20T07:56:09","date_gmt":"2026-06-20T07:56:09","guid":{"rendered":"https:\/\/www.europesays.com\/ee\/209053\/"},"modified":"2026-06-20T07:56:09","modified_gmt":"2026-06-20T07:56:09","slug":"nii-armas-naitleja-anne-hathaway-on-rase","status":"publish","type":"post","link":"https:\/\/www.europesays.com\/ee\/209053\/","title":{"rendered":"Nii Armas! N\u00e4itleja Anne Hathaway on rase"},"content":{"rendered":"<p>Ameerika n\u00e4itleja Anne Hathaway (43)  teatas 19. juuni \u00f5htul oma sotsiaalmeedias, et ta on rase oma kolmanda lapsega. N\u00e4itlejatar postitas Instragrami video, kus n\u00e4itab armsalt oma k\u00f5htu. Postituse juures oli tekst \u201eBaby I\u2019m yours\u201c ehk \u201eKallis, ma olen sinu\u201c.<\/p>\n<p>N\u00e4itlejatari postitus sai poole tunni jooksul pea miljon reaktsiooni, kuid n\u00fc\u00fcdseks on arv kasvanud 15 miljonini. Kommentaarium on t\u00e4is \u00f5nnitlusi nii perelt, s\u00f5pradelt kui ka f\u00e4nnidelt.<\/p>\n<p>Anne\u2019il on veel kaks last koos abikaasa Adam Shulmaniga \u2014 Jonathan (10) ja Jack (6). Paar on abiellus alates 2012. aastal ning said esmakordselt vanemateks neli aastat hiljem. 2019. aastal s\u00fcndis perre ka kolmas laps. <\/p>\n<p>Alles paar kuud tagasi k\u00e4isid kuulujutud, et n\u00e4itlejatar on k\u00e4inud iluoperatsioone tegemas, kuna n\u00e4eb liiga nooruslik v\u00e4lja oma vanuse kohta. Kuigi ta ise v\u00e4itis, et tahab olla salap\u00e4rane ning mitte niiv\u00f5rd t\u00e4helepanu keskmes, muutusid kuulujutud n\u00e4itlejatarile liiga talumatuks. L\u00f5puks \u00fctles, et tegu oli lihtsalt kahes patsis, mille siuktamisel muutub n\u00e4gu nooruslikumaks<\/p>\n<p>Kuidas see lugu Sind end tundma pani? Saada <a href=\"https:\/\/kroonika.delfi.ee\/artikkel\/120592288\/nii-armas-naitleja-anne-hathaway-on-rase\/kommentaarid\" class=\"article-body-bottom__comment article-body-bottom__comment--write button button--primary button--size-auto\" rel=\"nofollow noopener\" target=\"_blank\"> Kommenteeri <\/a><a href=\"https:\/\/kroonika.delfi.ee\/artikkel\/120592288\/nii-armas-naitleja-anne-hathaway-on-rase\/kommentaarid\" class=\"article-body-bottom__comment article-body-bottom__comment--read button button--size-auto\" rel=\"nofollow noopener\" target=\"_blank\"> Loe kommentaare (1)<\/a><\/p>\n","protected":false},"excerpt":{"rendered":"Ameerika n\u00e4itleja Anne Hathaway (43) teatas 19. juuni \u00f5htul oma sotsiaalmeedias, et ta on rase oma kolmanda lapsega.&hellip;\n","protected":false},"author":2,"featured_media":209054,"comment_status":"","ping_status":"","sticky":false,"template":"","format":"standard","meta":{"footnotes":"","_share_on_mastodon":"0"},"categories":[16],"tags":[27474,37,33,35,173,34,36,29980,140,10744],"class_list":["post-209053","post","type-post","status-publish","format-standard","has-post-thumbnail","category-meelelahutus","tag-anne-hathaway","tag-ee","tag-eesti","tag-eesti-keel","tag-entertainment","tag-estonia","tag-estonian","tag-kolmas-laps","tag-meelelahutus","tag-rasedus"],"share_on_mastodon":{"url":"https:\/\/pubeurope.com\/@ee\/116781369654746273","error":""},"_links":{"self":[{"href":"https:\/\/www.europesays.com\/ee\/wp-json\/wp\/v2\/posts\/209053","targetHints":{"allow":["GET"]}}],"collection":[{"href":"https:\/\/www.europesays.com\/ee\/wp-json\/wp\/v2\/posts"}],"about":[{"href":"https:\/\/www.europesays.com\/ee\/wp-json\/wp\/v2\/types\/post"}],"author":[{"embeddable":true,"href":"https:\/\/www.europesays.com\/ee\/wp-json\/wp\/v2\/users\/2"}],"replies":[{"embeddable":true,"href":"https:\/\/www.europesays.com\/ee\/wp-json\/wp\/v2\/comments?post=209053"}],"version-history":[{"count":0,"href":"https:\/\/www.europesays.com\/ee\/wp-json\/wp\/v2\/posts\/209053\/revisions"}],"wp:featuredmedia":[{"embeddable":true,"href":"https:\/\/www.europesays.com\/ee\/wp-json\/wp\/v2\/media\/209054"}],"wp:attachment":[{"href":"https:\/\/www.europesays.com\/ee\/wp-json\/wp\/v2\/media?parent=209053"}],"wp:term":[{"taxonomy":"category","embeddable":true,"href":"https:\/\/www.europesays.com\/ee\/wp-json\/wp\/v2\/categories?post=209053"},{"taxonomy":"post_tag","embeddable":true,"href":"https:\/\/www.europesays.com\/ee\/wp-json\/wp\/v2\/tags?post=209053"}],"curies":[{"name":"wp","href":"https:\/\/api.w.org\/{rel}","templated":true}]}}