{"id":209187,"date":"2026-06-20T11:41:10","date_gmt":"2026-06-20T11:41:10","guid":{"rendered":"https:\/\/www.europesays.com\/ee\/209187\/"},"modified":"2026-06-20T11:41:10","modified_gmt":"2026-06-20T11:41:10","slug":"ancelotti-neymar-peaks-sotimaa-manguks-valmis-olema-jalgpalli-mm","status":"publish","type":"post","link":"https:\/\/www.europesays.com\/ee\/209187\/","title":{"rendered":"Ancelotti: Neymar peaks \u0160otimaa m\u00e4nguks valmis olema | Jalgpalli MM"},"content":{"rendered":"<p>Brasiilia jalgpallikoondise peatreener Carlo Ancelotti andis p\u00e4rast v\u00f5itu Haiti \u00fcle lootust, et koondise ajaloo resultatiivseim m\u00e4ngija Neymar v\u00f5iks alagrupiturniiri kolmandas kohtumises m\u00e4nguaega saada.<\/p>\n<p>34-aastane Neymar m\u00e4ngis viimati 17. mail koduklubi Santose eest, kuid on p\u00e4rast seda taastunud s\u00e4\u00e4relihase vigastusest. Ancelotti \u00fctles p\u00e4rast koondise esimest v\u00f5itu m\u00e4rku, et d\u00fcnaamiline r\u00fcndaja v\u00f5iks j\u00e4rgmises m\u00e4ngus v\u00e4ljakule joosta.<\/p>\n<p>Kui Neymar MM-valiksarjas platsile sai, oli ta efektiivne: neljas m\u00e4ngus l\u00f5i ta kaks v\u00e4ravat ning tegi eelt\u00f6\u00f6d veel kolmele tabamusele. &#8220;Neymar teeb [p\u00fchap\u00e4eval] individuaalse trenni, [esmasp\u00e4eval] on ta meeskonnaga platsil. Ta on \u0160otimaa m\u00e4nguks koosseisus,&#8221; s\u00f5nas Ancelotti.<\/p>\n<p>Kuigi Matheus Cunha l\u00f5i v\u00f5idum\u00e4ngus Haitile kaks v\u00e4ravat, ei kinnitanud Ancelotti, et Manchester Unitedi mees j\u00e4rgmistes m\u00e4ngudes tipur\u00fcndaja positsioonil j\u00e4tkab. &#8220;Matheus p\u00f5hjustas kaitsjatele probleeme. Ta filtreeris v\u00e4ga h\u00e4sti s\u00f6\u00f6te, ta m\u00e4ngis tipus v\u00e4ga efektiivset jalgpalli. Ta on kindlasti variant, aga ma ei tahaks kellelegi kindlat rolli kehtestada. See v\u00f5ib j\u00e4rgmise m\u00e4nguga veel muutuda,&#8221; s\u00f5nas treener.<\/p>\n<p>Brasiilia viigistas oma avam\u00e4ngus Marokoga 1:1 ning teenis teises kohtumises Haiti \u00fcle kindla 3:0 v\u00f5idu. Kahe vooru j\u00e4rel on nii neil kui Marokol neli punkti, kuid v\u00e4ravate vahe pooldab brasiillasi. Brasiilia kohtub \u00f6\u00f6sel vastu 25. juulit \u0160otimaaga, kes on kolme punktiga kolmandal kohal ning viigi v\u00f5i v\u00f5idu puhul tagataks edasip\u00e4\u00e4s s\u00f5elm\u00e4ngudele.<\/p>\n<p>&#8220;Me ei m\u00f5tle \u0160otimaa alistamisele, m\u00f5tleme h\u00e4sti m\u00e4ngimisele ja paremaks saamisele. Alagrupi esikoht oleks tuleviku m\u00f5ttes v\u00e4ga kasulik, tahame selleks m\u00e4nguks v\u00f5imalikult valmis olla,&#8221; \u00fctles Ancelotti. &#8220;\u0160otimaal on oma tugevused, mis v\u00f5ivad meile ohtlikuks saada. Marokole said.&#8221;<\/p>\n","protected":false},"excerpt":{"rendered":"Brasiilia jalgpallikoondise peatreener Carlo Ancelotti andis p\u00e4rast v\u00f5itu Haiti \u00fcle lootust, et koondise ajaloo resultatiivseim m\u00e4ngija Neymar v\u00f5iks&hellip;\n","protected":false},"author":2,"featured_media":209188,"comment_status":"","ping_status":"","sticky":false,"template":"","format":"standard","meta":{"footnotes":"","_share_on_mastodon":"0"},"categories":[5],"tags":[11470,26,27,29564,37,33,35,34,36,31,32,21,25700,28,29,19,29565,25,23,24,22,20,30],"class_list":["post-209187","post","type-post","status-publish","format-standard","has-post-thumbnail","category-uldised-uudised","tag-brasiilia-jalgpallikoondis","tag-breaking-news","tag-breakingnews","tag-carlo-ancelotti","tag-ee","tag-eesti","tag-eesti-keel","tag-estonia","tag-estonian","tag-featured-news","tag-featurednews","tag-headlines","tag-jalgpalli-mm-finaalturniir","tag-latest-news","tag-latestnews","tag-news","tag-neymar","tag-populaarseimad-lood","tag-top-stories","tag-topstories","tag-uldised-uudised","tag-uudised","tag-viimased-uudised"],"share_on_mastodon":{"url":"https:\/\/pubeurope.com\/@ee\/116782254337856015","error":""},"_links":{"self":[{"href":"https:\/\/www.europesays.com\/ee\/wp-json\/wp\/v2\/posts\/209187","targetHints":{"allow":["GET"]}}],"collection":[{"href":"https:\/\/www.europesays.com\/ee\/wp-json\/wp\/v2\/posts"}],"about":[{"href":"https:\/\/www.europesays.com\/ee\/wp-json\/wp\/v2\/types\/post"}],"author":[{"embeddable":true,"href":"https:\/\/www.europesays.com\/ee\/wp-json\/wp\/v2\/users\/2"}],"replies":[{"embeddable":true,"href":"https:\/\/www.europesays.com\/ee\/wp-json\/wp\/v2\/comments?post=209187"}],"version-history":[{"count":0,"href":"https:\/\/www.europesays.com\/ee\/wp-json\/wp\/v2\/posts\/209187\/revisions"}],"wp:featuredmedia":[{"embeddable":true,"href":"https:\/\/www.europesays.com\/ee\/wp-json\/wp\/v2\/media\/209188"}],"wp:attachment":[{"href":"https:\/\/www.europesays.com\/ee\/wp-json\/wp\/v2\/media?parent=209187"}],"wp:term":[{"taxonomy":"category","embeddable":true,"href":"https:\/\/www.europesays.com\/ee\/wp-json\/wp\/v2\/categories?post=209187"},{"taxonomy":"post_tag","embeddable":true,"href":"https:\/\/www.europesays.com\/ee\/wp-json\/wp\/v2\/tags?post=209187"}],"curies":[{"name":"wp","href":"https:\/\/api.w.org\/{rel}","templated":true}]}}