{"id":209374,"date":"2026-06-20T17:00:22","date_gmt":"2026-06-20T17:00:22","guid":{"rendered":"https:\/\/www.europesays.com\/ee\/209374\/"},"modified":"2026-06-20T17:00:22","modified_gmt":"2026-06-20T17:00:22","slug":"priit-maeorg-teenib-eesti-jalgpalli-liidu-hobemargi","status":"publish","type":"post","link":"https:\/\/www.europesays.com\/ee\/209374\/","title":{"rendered":"Priit M\u00e4eorg teenib Eesti Jalgpalli Liidu h\u00f5bem\u00e4rgi"},"content":{"rendered":"<p>            <a href=\"https:\/\/online.le.ee\/wp-content\/uploads\/2026\/06\/jeee33.jpg\" data-caption=\"\" rel=\"nofollow noopener\" target=\"_blank\"><img loading=\"lazy\" width=\"696\" height=\"375\" class=\"entry-thumb td-modal-image lazyload\" alt=\"\" title=\"jeee33\" src=\"https:\/\/www.europesays.com\/ee\/wp-content\/uploads\/2026\/06\/jeee33-696x375.jpg\" decoding=\"async\"  data- data-eio-rwidth=\"696\" data-eio-rheight=\"375\"\/><\/a><\/p>\n<p> Priit M\u00e4eorg. Foto erakogu<\/p>\n<p>K\u00f5msilt p\u00e4rit ja Virtsus jalgpalluriteed alustanud Priit M\u00e4eorg saab Eesti jalgpalli liidu suure tunnustuse &#8211; esimese eestlasena Eesti rannajalgpallikoondises sada m\u00e4ngu m\u00e4nginud M\u00e4eorg Eesti jalgpalli liidu h\u00f5bem\u00e4rgi.<\/p>\n<p>EJL h\u00f5bem\u00e4rk antakse alates 2004 aastast inimestele kelle panust Eesti jalgpalli peetakse erakordseks. Liidu pressiteates seisab: &#8220;M\u00e4eorg alustas jalgpalliteed L\u00f5una-L\u00e4\u00e4nemaa jalgpalliklubis, veel on ta m\u00e4nginud Tallinna FC Floras, H\u00dcJK Emmastes, N\u00f5mme Kaljus. Rannajalgpallis on ta esindanud ainult N\u00f5mme klubi. Lisaks m\u00e4ngis ta aastatel 2012 ja 2013 rannajalgpalli ka Brasiilias.&#8221;<\/p>\n<p>M\u00e4eoru k\u00f5rval teenib h\u00f5bem\u00e4rgi ka teine rannajalgpallur, Kristian Marmor.<\/p>\n<p>Artikkel j\u00e4tkub peale reklaami<img loading=\"lazy\" decoding=\"async\" class=\"aligncenter size-full wp-image-387649\" src=\"https:\/\/www.europesays.com\/ee\/wp-content\/uploads\/2026\/06\/1781936952_551_tasuline.png\" alt=\"\" width=\"688\" height=\"101\" data-eio=\"l\"\/><\/a><\/p>\n<p>Reklaam<\/p>\n","protected":false},"excerpt":{"rendered":"Priit M\u00e4eorg. Foto erakogu K\u00f5msilt p\u00e4rit ja Virtsus jalgpalluriteed alustanud Priit M\u00e4eorg saab Eesti jalgpalli liidu suure tunnustuse&hellip;\n","protected":false},"author":2,"featured_media":209375,"comment_status":"","ping_status":"","sticky":false,"template":"","format":"standard","meta":{"footnotes":"","_share_on_mastodon":"0"},"categories":[18],"tags":[37,33,9387,35,34,36,85389,31545,159,158],"class_list":["post-209374","post","type-post","status-publish","format-standard","has-post-thumbnail","category-sport","tag-ee","tag-eesti","tag-eesti-jalgpalliliit","tag-eesti-keel","tag-estonia","tag-estonian","tag-priit-maeorg","tag-rannajalgpall","tag-sport","tag-sports"],"share_on_mastodon":{"url":"https:\/\/pubeurope.com\/@ee\/116783509084267920","error":""},"_links":{"self":[{"href":"https:\/\/www.europesays.com\/ee\/wp-json\/wp\/v2\/posts\/209374","targetHints":{"allow":["GET"]}}],"collection":[{"href":"https:\/\/www.europesays.com\/ee\/wp-json\/wp\/v2\/posts"}],"about":[{"href":"https:\/\/www.europesays.com\/ee\/wp-json\/wp\/v2\/types\/post"}],"author":[{"embeddable":true,"href":"https:\/\/www.europesays.com\/ee\/wp-json\/wp\/v2\/users\/2"}],"replies":[{"embeddable":true,"href":"https:\/\/www.europesays.com\/ee\/wp-json\/wp\/v2\/comments?post=209374"}],"version-history":[{"count":0,"href":"https:\/\/www.europesays.com\/ee\/wp-json\/wp\/v2\/posts\/209374\/revisions"}],"wp:featuredmedia":[{"embeddable":true,"href":"https:\/\/www.europesays.com\/ee\/wp-json\/wp\/v2\/media\/209375"}],"wp:attachment":[{"href":"https:\/\/www.europesays.com\/ee\/wp-json\/wp\/v2\/media?parent=209374"}],"wp:term":[{"taxonomy":"category","embeddable":true,"href":"https:\/\/www.europesays.com\/ee\/wp-json\/wp\/v2\/categories?post=209374"},{"taxonomy":"post_tag","embeddable":true,"href":"https:\/\/www.europesays.com\/ee\/wp-json\/wp\/v2\/tags?post=209374"}],"curies":[{"name":"wp","href":"https:\/\/api.w.org\/{rel}","templated":true}]}}