{"id":209417,"date":"2026-06-20T18:11:10","date_gmt":"2026-06-20T18:11:10","guid":{"rendered":"https:\/\/www.europesays.com\/ee\/209417\/"},"modified":"2026-06-20T18:11:10","modified_gmt":"2026-06-20T18:11:10","slug":"edetabel-%e2%9f%a9-tartu-ulikool-langes-pisut-rahvusvahelises-pingereas-ttu-tousis","status":"publish","type":"post","link":"https:\/\/www.europesays.com\/ee\/209417\/","title":{"rendered":"EDETABEL \u27e9 Tartu \u00fclikool langes pisut rahvusvahelises pingereas, TT\u00dc t\u00f5usis"},"content":{"rendered":"<p>Maailma \u00fclikoolide edetabel, mida koostab rahvusvaheline konsultatsioonifirma Quacquarelli Symonds (QS), hindab k\u00f5rgkoole mitme n\u00e4itaja alusel, sealhulgas akadeemilise maine, t\u00f6\u00f6andjate hinnangute, teadust\u00f6\u00f6 m\u00f5jukuse, rahvusvahelise koost\u00f6\u00f6, \u00f5ppekeskkonna ja kestlikkuse j\u00e4rgi. K\u00f5ige suurema kaaluga on akadeemiline maine ja teadust\u00f6\u00f6 m\u00f5ju, mis moodustavad kokku poole \u00fclikooli l\u00f5pptulemusest.<\/p>\n","protected":false},"excerpt":{"rendered":"Maailma \u00fclikoolide edetabel, mida koostab rahvusvaheline konsultatsioonifirma Quacquarelli Symonds (QS), hindab k\u00f5rgkoole mitme n\u00e4itaja alusel, sealhulgas akadeemilise maine,&hellip;\n","protected":false},"author":2,"featured_media":209418,"comment_status":"","ping_status":"","sticky":false,"template":"","format":"standard","meta":{"footnotes":"","_share_on_mastodon":"0"},"categories":[12],"tags":[85409,26,27,37,33,35,34,36,31,32,21,28,29,19,25,62606,17935,5593,2424,295,85410,23,24,22,20,30],"class_list":["post-209417","post","type-post","status-publish","format-standard","has-post-thumbnail","category-eesti","tag-akadeemiline-maine","tag-breaking-news","tag-breakingnews","tag-ee","tag-eesti","tag-eesti-keel","tag-estonia","tag-estonian","tag-featured-news","tag-featurednews","tag-headlines","tag-latest-news","tag-latestnews","tag-news","tag-populaarseimad-lood","tag-qs-world-university-rankings","tag-rahvusvaheline-koostoo","tag-tallinna-tehnikaulikool","tag-tartu-ulikool","tag-teadustoo","tag-tooandjate-hinnang","tag-top-stories","tag-topstories","tag-uldised-uudised","tag-uudised","tag-viimased-uudised"],"share_on_mastodon":{"url":"https:\/\/pubeurope.com\/@ee\/116783787773632734","error":""},"_links":{"self":[{"href":"https:\/\/www.europesays.com\/ee\/wp-json\/wp\/v2\/posts\/209417","targetHints":{"allow":["GET"]}}],"collection":[{"href":"https:\/\/www.europesays.com\/ee\/wp-json\/wp\/v2\/posts"}],"about":[{"href":"https:\/\/www.europesays.com\/ee\/wp-json\/wp\/v2\/types\/post"}],"author":[{"embeddable":true,"href":"https:\/\/www.europesays.com\/ee\/wp-json\/wp\/v2\/users\/2"}],"replies":[{"embeddable":true,"href":"https:\/\/www.europesays.com\/ee\/wp-json\/wp\/v2\/comments?post=209417"}],"version-history":[{"count":0,"href":"https:\/\/www.europesays.com\/ee\/wp-json\/wp\/v2\/posts\/209417\/revisions"}],"wp:featuredmedia":[{"embeddable":true,"href":"https:\/\/www.europesays.com\/ee\/wp-json\/wp\/v2\/media\/209418"}],"wp:attachment":[{"href":"https:\/\/www.europesays.com\/ee\/wp-json\/wp\/v2\/media?parent=209417"}],"wp:term":[{"taxonomy":"category","embeddable":true,"href":"https:\/\/www.europesays.com\/ee\/wp-json\/wp\/v2\/categories?post=209417"},{"taxonomy":"post_tag","embeddable":true,"href":"https:\/\/www.europesays.com\/ee\/wp-json\/wp\/v2\/tags?post=209417"}],"curies":[{"name":"wp","href":"https:\/\/api.w.org\/{rel}","templated":true}]}}