{"id":209459,"date":"2026-06-20T20:14:10","date_gmt":"2026-06-20T20:14:10","guid":{"rendered":"https:\/\/www.europesays.com\/ee\/209459\/"},"modified":"2026-06-20T20:14:10","modified_gmt":"2026-06-20T20:14:10","slug":"taispikkuses-vaata-uuesti-meeste-euroopa-discgolfi-festivali-kolmandat-voistlusringi-delfi-sport","status":"publish","type":"post","link":"https:\/\/www.europesays.com\/ee\/209459\/","title":{"rendered":"T\u00c4ISPIKKUSES | Vaata uuesti meeste Euroopa Discgolfi Festivali kolmandat v\u00f5istlusringi &#8211; Delfi Sport"},"content":{"rendered":"<ol>\n<li><a href=\"https:\/\/news.google.com\/rss\/articles\/CBMixAFBVV95cUxQZ2lZa2NTWFBTMmtGczI0MG1HNnM4MzFFRWdRdl81LUpwaXN4b2ZPdFY2YmpuSWpoX3RBamU0QzJwZHNsSV8yWnZ6cWVENEptRk9xa21sanY2WXkzZnpJLUU3eUM1azhnSFFweTViajB4bHJEXzB3WG5lam1DcUhqRGdGWjlfTV9mTTF2OFhBaW1rTjF5TzhaQktLa1dCM1RHZFlCdW1RakRDb3ptdkdnYmstSmFPeWFwVExuMl94amNrUnN5?oc=5\" target=\"_blank\" rel=\"nofollow noopener\">T\u00c4ISPIKKUSES | Vaata uuesti meeste Euroopa Discgolfi Festivali kolmandat v\u00f5istlusringi<\/a>&nbsp;&nbsp;Delfi Sport<\/li>\n<li><a href=\"https:\/\/news.google.com\/rss\/articles\/CBMilAJBVV95cUxNN0JheVN5WTkwUXFtVkI4TnNSUFBTUzhkaHNqTk5lZVNCNFBpUlo5NWY4eFByOURfTG8zVXRYdU1tVDVueXVMbVJlLUhnODhDOVc5azZZcmFvVnNCcFpzbzdxUTV4NGs2X3ZIVGZVVGlXVkJqckdqR0RFaTF6UnJoX29zamJGN3RqNFpBNjdrLWU0bjg1UWUxTEhkZHlXVkI2bVE3MEhobGRzMGdTQnN0QnFLOUV0cW5XNEtsU3ZDNTFTdEwweXhNN3hVTFBPdFUwQUZVeUdPa2xONDRSWWd1QmQ4eGVGR043bUdnTXB4dmlod0R0Mmc5UmhFRUdvRlhaT0xRQjdnY0VsVUVYSzI4Si1lZV8?oc=5\" target=\"_blank\" rel=\"nofollow noopener\">Lauluv\u00e4ljaku Major: 15-aastase T\u0161ehhi t\u00fcdruku imeturniir sai j\u00e4tku, eestlaste parimaks t\u00f5usis Mauri Villmann<\/a>&nbsp;&nbsp;Delfi Sport<\/li>\n<li><a href=\"https:\/\/news.google.com\/rss\/articles\/CBMiigFBVV95cUxPNnJvUXYwc0FwVnIzcXlZTlhRZllSc2lQX3JiUnUzSzdHcEpzeFlKbUhCTlFfdm1NQVdBLVZIc1hjSVMwVTRqLUZqMGN6SldGQkMtVkZBWXdEYmUzTzU2Y0hYQXJkS09BSENQV0dyZE5xYjNxR0cyUjNlRUdsNHhoalZfSzlTNWNZeFE?oc=5\" target=\"_blank\" rel=\"nofollow noopener\">Allsalu kerkis Discgolf Festivalil kuue koha v\u00f5rra<\/a>&nbsp;&nbsp;sport | ERR<\/li>\n<li><a href=\"https:\/\/news.google.com\/rss\/articles\/CBMizAFBVV95cUxNNng2cUhmSWpIYThsME1oODQ5YXBKWDFPdUVEdmhPQUtLZXlZbmR3OU9sMHhLelhRbmNxTnk4NlRnVXNKN01ITVZHbUFoX245U0FxY01MamJLM1J0WG54aDdvVHJTVHk0Nm5oLUp0Z0NtdXk0em9VTXBXbm5WOGg3VVAwc3dHU0RQQmtGeXZiWllIOXA3R2tza1dyd2V1UXl4b3UzUVJhTV9kTmpXVVphaFdmenRVUFhFS0U1ZkVIaGxzLVp3VXRvTEZERVU?oc=5\" target=\"_blank\" rel=\"nofollow noopener\">Kettagolfi-festivali rajameister Ralf Rogov: v\u00f5tsime kriitikat kuulda ja tegime k\u00f5ik keerulisemaks!<\/a>&nbsp;&nbsp;Postimees Sport<\/li>\n<li><a href=\"https:\/\/news.google.com\/rss\/articles\/CBMitwFBVV95cUxNenlsRWJzXy1NX2p5aU1Gamk5RUtwa0xGNzJWUThzUEcyMDJiSGJlVURCQVcyWFhjWGIxN0x4dVM5Q2MwV3B2WG9kSTZZRzJkUHNUX0ZoUktsTk5WN2NMdUxjRFVWM1NQTFdEMVhXZUJQbGE2VWwxbmcxOEFFWUVzMkxWbUZxUk9sUnVmTEVlRDU2Y28xZ05vTkVyM2FyTkVvUThWOGZNR3pnYXJUZU1PWTkxakVubTA?oc=5\" target=\"_blank\" rel=\"nofollow noopener\">Suvi algab Lauluv\u00e4ljakul: Laine Randj\u00e4rv avas Euroopa suurima discgolfi festivali<\/a>&nbsp;&nbsp;Tallinna Lauluv\u00e4ljak<\/li>\n<\/ol>\n","protected":false},"excerpt":{"rendered":"T\u00c4ISPIKKUSES | Vaata uuesti meeste Euroopa Discgolfi Festivali kolmandat v\u00f5istlusringi&nbsp;&nbsp;Delfi Sport Lauluv\u00e4ljaku Major: 15-aastase T\u0161ehhi t\u00fcdruku imeturniir sai&hellip;\n","protected":false},"author":2,"featured_media":209460,"comment_status":"","ping_status":"","sticky":false,"template":"","format":"standard","meta":{"footnotes":"","_share_on_mastodon":"0"},"categories":[5],"tags":[26,27,1264,37,33,35,34,36,77197,31,32,21,28,29,19,25,23,24,22,20,30],"class_list":["post-209459","post","type-post","status-publish","format-standard","has-post-thumbnail","category-uldised-uudised","tag-breaking-news","tag-breakingnews","tag-discgolf","tag-ee","tag-eesti","tag-eesti-keel","tag-estonia","tag-estonian","tag-euroopa-discgolfi-festival","tag-featured-news","tag-featurednews","tag-headlines","tag-latest-news","tag-latestnews","tag-news","tag-populaarseimad-lood","tag-top-stories","tag-topstories","tag-uldised-uudised","tag-uudised","tag-viimased-uudised"],"share_on_mastodon":{"url":"https:\/\/pubeurope.com\/@ee\/116784271518832334","error":""},"_links":{"self":[{"href":"https:\/\/www.europesays.com\/ee\/wp-json\/wp\/v2\/posts\/209459","targetHints":{"allow":["GET"]}}],"collection":[{"href":"https:\/\/www.europesays.com\/ee\/wp-json\/wp\/v2\/posts"}],"about":[{"href":"https:\/\/www.europesays.com\/ee\/wp-json\/wp\/v2\/types\/post"}],"author":[{"embeddable":true,"href":"https:\/\/www.europesays.com\/ee\/wp-json\/wp\/v2\/users\/2"}],"replies":[{"embeddable":true,"href":"https:\/\/www.europesays.com\/ee\/wp-json\/wp\/v2\/comments?post=209459"}],"version-history":[{"count":0,"href":"https:\/\/www.europesays.com\/ee\/wp-json\/wp\/v2\/posts\/209459\/revisions"}],"wp:featuredmedia":[{"embeddable":true,"href":"https:\/\/www.europesays.com\/ee\/wp-json\/wp\/v2\/media\/209460"}],"wp:attachment":[{"href":"https:\/\/www.europesays.com\/ee\/wp-json\/wp\/v2\/media?parent=209459"}],"wp:term":[{"taxonomy":"category","embeddable":true,"href":"https:\/\/www.europesays.com\/ee\/wp-json\/wp\/v2\/categories?post=209459"},{"taxonomy":"post_tag","embeddable":true,"href":"https:\/\/www.europesays.com\/ee\/wp-json\/wp\/v2\/tags?post=209459"}],"curies":[{"name":"wp","href":"https:\/\/api.w.org\/{rel}","templated":true}]}}