{"id":209488,"date":"2026-06-20T21:20:21","date_gmt":"2026-06-20T21:20:21","guid":{"rendered":"https:\/\/www.europesays.com\/ee\/209488\/"},"modified":"2026-06-20T21:20:21","modified_gmt":"2026-06-20T21:20:21","slug":"isamaa-palub-karisel-err-i-seadus-menetlusvigade-tottu-valja-kuulutamata-jatta-eesti","status":"publish","type":"post","link":"https:\/\/www.europesays.com\/ee\/209488\/","title":{"rendered":"Isamaa palub Karisel ERR-i seadus menetlusvigade t\u00f5ttu v\u00e4lja kuulutamata j\u00e4tta | Eesti"},"content":{"rendered":"<p>Riigikogu Isamaa fraktsiooni esimees Helir-Valdor Seeder saatis p\u00f6\u00f6rdumise president Alar Karisele, et ta j\u00e4taks menetluslike vigade t\u00f5ttu v\u00e4lja kuulutamata Eesti Rahvusringh\u00e4\u00e4lingu seaduse muutmise seaduse.<\/p>\n<p>Seeder teatas presidendile, et sadusemuudatuse algatasid parlamendis sotsiaaldemokraadid, et kohustada ERR-i n\u00f5ukogu koostamisel j\u00e4rgima m\u00f5lema soo esindatuse n\u00f5udeid, kuid vahetult enne eeln\u00f5u teist lugemist lisas Reformierakond kultuurikomisjoni kaudu sinna muudatusettepanekutena n\u00f5ukogu koosseisu suurendamise kolme riigikogu poolt m\u00e4\u00e4ratava eksperdiga.<\/p>\n<p>&#8220;Tegu on lihtlabase katsega t\u00e4nase valitsuskoalitsiooni poolt haarata v\u00f5im ERR-i n\u00f5ukogus ja m\u00e4\u00e4rata seel\u00e4bi tuleval aastal, kui nad enam riigis v\u00f5imul pole, ametisse ideoloogiliselt sobiv rahvusringh\u00e4\u00e4lingu juhatus,&#8221; \u00fctles Seeder.<\/p>\n<p>Kultuurikomisjonist l\u00e4bi surutud muudatusettepanekutega rikkus koalitsioon tema hinnangul seadusloometava, sest kui teise lugemise eel muudetakse oluliselt eeln\u00f5u sisu ja tegelikku eesm\u00e4rki, siis tuleb teine lugemine katkestada, et k\u00f5ik riigikogu liikmed ja fraktsioonid saaksid esitada uuesti muudatusettepanekuid. Seda rahvusringh\u00e4\u00e4lingu seaduse muutmise seaduse menetlusel ei tehtud.<\/p>\n<p>&#8220;Varasemalt on president sellise menetlusliku eksimuse peale, kui teise lugemise eel muudetakse eeln\u00f5ud sisuliselt, aga lugemist ei katkestata, j\u00e4tnud seaduse v\u00e4lja kuulutamata. Seet\u00f5ttu p\u00f6\u00f6rdus Isamaa fraktsioon presidendi poole, et riigipea kuulutaks n\u00fc\u00fcdse seadusmuudatuse p\u00f5hiseadusega vastuolus olevaks,&#8221; lisas Seeder.<\/p>\n<p>Seadusemuudatus v\u00f5eti riigikogus vastu sel kolmap\u00e4eval Reformierakonna, Eesti 200 ja sotsiaaldemokraatide h\u00e4\u00e4ltega.<\/p>\n<p>Koalitsiooni hinnangul peaks ERR-i n\u00f5ukogus olema poliitikute asemel \u00fclekaal s\u00f5ltumatutel ekspertidel ning sellega p\u00f5hjendati ka vajadust ekspertide arvu n\u00f5ukogus suurendada.<\/p>\n<p>Opositsioon on kritiseerinud, et kui n\u00f5ukogusse m\u00e4\u00e4ratakse kolm uut eksperti, siis kindlustavad v\u00f5imuerakonnad hoopis enda v\u00f5imu rahvusringh\u00e4\u00e4lingus.<\/p>\n","protected":false},"excerpt":{"rendered":"Riigikogu Isamaa fraktsiooni esimees Helir-Valdor Seeder saatis p\u00f6\u00f6rdumise president Alar Karisele, et ta j\u00e4taks menetluslike vigade t\u00f5ttu v\u00e4lja&hellip;\n","protected":false},"author":2,"featured_media":209489,"comment_status":"","ping_status":"","sticky":false,"template":"","format":"standard","meta":{"footnotes":"","_share_on_mastodon":"0"},"categories":[5],"tags":[26,27,37,33,35,80550,85429,20712,34,36,31,32,21,28,29,19,25,640,23,24,22,20,30],"class_list":["post-209488","post","type-post","status-publish","format-standard","has-post-thumbnail","category-uldised-uudised","tag-breaking-news","tag-breakingnews","tag-ee","tag-eesti","tag-eesti-keel","tag-eesti-rahvusringhaalingu-noukogu","tag-eesti-rahvusringhaalingu-seadus","tag-err-i-noukogu","tag-estonia","tag-estonian","tag-featured-news","tag-featurednews","tag-headlines","tag-latest-news","tag-latestnews","tag-news","tag-populaarseimad-lood","tag-riigikogu","tag-top-stories","tag-topstories","tag-uldised-uudised","tag-uudised","tag-viimased-uudised"],"share_on_mastodon":{"url":"https:\/\/pubeurope.com\/@ee\/116784530847277066","error":""},"_links":{"self":[{"href":"https:\/\/www.europesays.com\/ee\/wp-json\/wp\/v2\/posts\/209488","targetHints":{"allow":["GET"]}}],"collection":[{"href":"https:\/\/www.europesays.com\/ee\/wp-json\/wp\/v2\/posts"}],"about":[{"href":"https:\/\/www.europesays.com\/ee\/wp-json\/wp\/v2\/types\/post"}],"author":[{"embeddable":true,"href":"https:\/\/www.europesays.com\/ee\/wp-json\/wp\/v2\/users\/2"}],"replies":[{"embeddable":true,"href":"https:\/\/www.europesays.com\/ee\/wp-json\/wp\/v2\/comments?post=209488"}],"version-history":[{"count":0,"href":"https:\/\/www.europesays.com\/ee\/wp-json\/wp\/v2\/posts\/209488\/revisions"}],"wp:featuredmedia":[{"embeddable":true,"href":"https:\/\/www.europesays.com\/ee\/wp-json\/wp\/v2\/media\/209489"}],"wp:attachment":[{"href":"https:\/\/www.europesays.com\/ee\/wp-json\/wp\/v2\/media?parent=209488"}],"wp:term":[{"taxonomy":"category","embeddable":true,"href":"https:\/\/www.europesays.com\/ee\/wp-json\/wp\/v2\/categories?post=209488"},{"taxonomy":"post_tag","embeddable":true,"href":"https:\/\/www.europesays.com\/ee\/wp-json\/wp\/v2\/tags?post=209488"}],"curies":[{"name":"wp","href":"https:\/\/api.w.org\/{rel}","templated":true}]}}