{"id":209506,"date":"2026-06-20T22:48:11","date_gmt":"2026-06-20T22:48:11","guid":{"rendered":"https:\/\/www.europesays.com\/ee\/209506\/"},"modified":"2026-06-20T22:48:11","modified_gmt":"2026-06-20T22:48:11","slug":"andres-operi-mm-i-kommentaar-holland-andis-rootsi-vastu-tormihoiatuse","status":"publish","type":"post","link":"https:\/\/www.europesays.com\/ee\/209506\/","title":{"rendered":"Andres Operi MM-i kommentaar: Holland andis Rootsi vastu tormihoiatuse"},"content":{"rendered":"<p>Holland \u2013 Rootsi 5:1<\/p>\n<p>V\u00e4gev, v\u00e4gev, v\u00e4gev. Mulle on Holland alati s\u00fcmpatiseerinud, v\u00f5ib-olla ka sellep\u00e4rast, et olen seal ise m\u00e4nginud, kuid t\u00e4na anti ikka tugev tormihoiatus. V\u00f5rreldes alagrupi esimese kohtumisega oli Hollandi algkoosseisus ainult \u00fcks muudatus \u2013 Crysencio Summerville alustas pingilt, Donyell Malen liikus \u00e4\u00e4rele ja Brian Brobbey tuli algkoosseisu ning l\u00f5i kaks v\u00e4ravat. Ehk Holland ei teinud suuri muudatusi, kuid esitus oli seekord hoopis teistsugune.<\/p>\n<p>Juba m\u00e4ngu algus oli Hollandi poolt v\u00f5imas. M\u00f5lema poolaja algused olid tugevad, aga eriti esimene poolaeg. Just see, kuidas Holland Rootsit kohe survestas. Nauditav oli vaadata nende kombineeritud m\u00e4ngu, s\u00f6\u00f6te ja madalaid s\u00f6\u00f6te v\u00e4rava ette.<\/p>\n<p><img decoding=\"async\" src=\"https:\/\/static.delfi.ee\/portal-configuration\/legacy_assets\/sport_delfi_ee\/n_icon-pullout.svg\"\/><\/p>\n<p>N\u00fc\u00fcd oli Holland ise see, kes oma esitusega konkurente m\u00f5tlema pani ja endaga arvestama sundis.<\/p>\n<p>Denzel Dumfries\u2019i tegutsemine oli v\u00e4ga hea. Eriti meeldis mulle Cody Gakpo esitus. Ta j\u00e4ttis hea mulje juba Jaapani vastu. Samuti oli tore n\u00e4ha, et vahetusest sekkunud Summerville l\u00f5i ka v\u00e4rava. T\u00e4nane ei olnud enam kindlasti selline kassi-hiire m\u00e4ng nagu Jaapani vastu, kus Jaapan sundis Hollandit teistmoodi m\u00f5tlema. N\u00fc\u00fcd oli Holland ise see, kes oma esitusega konkurente m\u00f5tlema pani ja endaga arvestama sundis. Kindlasti andis meeskonnale hoogu juurde ka f\u00e4nnide toetus, sest trib\u00fc\u00fcn oli oran\u017e ning tekitas tunde, et Holland oleks justkui m\u00e4nginud kodus.<\/p>\n<p>Aga ei saa \u00f6elda, et rootslased oleksid halvasti m\u00e4nginud. Mulle olid nad tegelikult s\u00fcmpaatsed. N\u00e4iteks Alexander Isaki ja Viktor Gy\u00f6keresi koost\u00f6\u00f6s oli positiivseid momente. Lihtsalt Holland oli seekord teisest klassist. See on natuke sarnane olukorraga, kus Horvaatia n\u00e4itas Inglismaa vastu hambaid, kuid Inglismaa v\u00f5ttis l\u00f5puks oma. M\u00f5nikord ei ole k\u00fcsimus selles, et ise halvasti m\u00e4ngid, vaid vastane on lihtsalt tugevam.<\/p>\n<p>N\u00fc\u00fcd peab Rootsi vaatama, kuidas viimasele alagrupim\u00e4ngule vastu minna. Samas hakkab tabeliseis rolli m\u00e4ngima. Tuleb j\u00e4lgida, mida Jaapan ja Tuneesia teevad ning kellel on millist tulemust vaja. Viimases voorus v\u00f5ivad m\u00e4ngud muutuda natuke rohkem taktikaliseks, kuna hakatakse arvestama punktide ja v\u00f5imalike vastastega.<\/p>\n<p>Kui vaadata kogu turniiri, siis mulle on seni j\u00e4\u00e4nud p\u00e4ris hea mulje. Ma natuke kartsin, et alagrupis tuleb liiga palju suuri ja \u00fchepoolseid tulemusi, kuid tegelikult on olnud p\u00e4ris huvitav. Muidugi ei ole ma k\u00f5iki m\u00e4nge algusest l\u00f5puni vaadanud, kuna m\u00e4ngude ajad teevad selle keeruliseks. \u00dcldpilt on aga olnud positiivne.<\/p>\n<p>Mis edasi saab, on raske ennustada, sest turniiridel tuleb alati \u00fcllatusi. Seni on suuremaid \u00fcllatusi pakkunud Hispaania ja Portugal. Nad on j\u00e4tnud \u00f5hku k\u00fcsimuse, kas n\u00fc\u00fcd juhtub midagi ootamatut. Aga kui teine voor saab l\u00e4bi ja kolmas m\u00e4ngudering hakkab pihta, loksub ka pilt paremini paika.<\/p>\n<p>Kuidas see lugu Sind end tundma pani? Saada <a href=\"https:\/\/sport.delfi.ee\/artikkel\/120592377\/andres-operi-mm-i-kommentaar-holland-andis-rootsi-vastu-tormihoiatuse\/kommentaarid\" class=\"article-body-bottom__comment article-body-bottom__comment--write button button--primary button--size-auto\" rel=\"nofollow noopener\" target=\"_blank\"> Kommenteeri <\/a><a href=\"https:\/\/sport.delfi.ee\/artikkel\/120592377\/andres-operi-mm-i-kommentaar-holland-andis-rootsi-vastu-tormihoiatuse\/kommentaarid\" class=\"article-body-bottom__comment article-body-bottom__comment--read button button--size-auto\" rel=\"nofollow noopener\" target=\"_blank\"> Loe kommentaare (5)<\/a><\/p>\n","protected":false},"excerpt":{"rendered":"Holland \u2013 Rootsi 5:1 V\u00e4gev, v\u00e4gev, v\u00e4gev. Mulle on Holland alati s\u00fcmpatiseerinud, v\u00f5ib-olla ka sellep\u00e4rast, et olen seal&hellip;\n","protected":false},"author":2,"featured_media":209507,"comment_status":"","ping_status":"","sticky":false,"template":"","format":"standard","meta":{"footnotes":"","_share_on_mastodon":"0"},"categories":[5],"tags":[27159,26,27,37,33,35,34,36,31,32,21,21404,4371,28,29,19,25,23,24,22,20,30],"class_list":["post-209506","post","type-post","status-publish","format-standard","has-post-thumbnail","category-uldised-uudised","tag-andres-oper","tag-breaking-news","tag-breakingnews","tag-ee","tag-eesti","tag-eesti-keel","tag-estonia","tag-estonian","tag-featured-news","tag-featurednews","tag-headlines","tag-hollandi-jalgpallikoondis","tag-jalgpalli-mm-2026","tag-latest-news","tag-latestnews","tag-news","tag-populaarseimad-lood","tag-top-stories","tag-topstories","tag-uldised-uudised","tag-uudised","tag-viimased-uudised"],"share_on_mastodon":{"url":"https:\/\/pubeurope.com\/@ee\/116784877181745426","error":""},"_links":{"self":[{"href":"https:\/\/www.europesays.com\/ee\/wp-json\/wp\/v2\/posts\/209506","targetHints":{"allow":["GET"]}}],"collection":[{"href":"https:\/\/www.europesays.com\/ee\/wp-json\/wp\/v2\/posts"}],"about":[{"href":"https:\/\/www.europesays.com\/ee\/wp-json\/wp\/v2\/types\/post"}],"author":[{"embeddable":true,"href":"https:\/\/www.europesays.com\/ee\/wp-json\/wp\/v2\/users\/2"}],"replies":[{"embeddable":true,"href":"https:\/\/www.europesays.com\/ee\/wp-json\/wp\/v2\/comments?post=209506"}],"version-history":[{"count":0,"href":"https:\/\/www.europesays.com\/ee\/wp-json\/wp\/v2\/posts\/209506\/revisions"}],"wp:featuredmedia":[{"embeddable":true,"href":"https:\/\/www.europesays.com\/ee\/wp-json\/wp\/v2\/media\/209507"}],"wp:attachment":[{"href":"https:\/\/www.europesays.com\/ee\/wp-json\/wp\/v2\/media?parent=209506"}],"wp:term":[{"taxonomy":"category","embeddable":true,"href":"https:\/\/www.europesays.com\/ee\/wp-json\/wp\/v2\/categories?post=209506"},{"taxonomy":"post_tag","embeddable":true,"href":"https:\/\/www.europesays.com\/ee\/wp-json\/wp\/v2\/tags?post=209506"}],"curies":[{"name":"wp","href":"https:\/\/api.w.org\/{rel}","templated":true}]}}