{"id":209516,"date":"2026-06-20T23:17:24","date_gmt":"2026-06-20T23:17:24","guid":{"rendered":"https:\/\/www.europesays.com\/ee\/209516\/"},"modified":"2026-06-20T23:17:24","modified_gmt":"2026-06-20T23:17:24","slug":"valner-valme-10-asja-mida-suvel-mitte-teha-edasi","status":"publish","type":"post","link":"https:\/\/www.europesays.com\/ee\/209516\/","title":{"rendered":"Valner Valme: 10 asja, mida suvel mitte teha \u2013 Edasi"},"content":{"rendered":"<p>\t\t\t<img fetchpriority=\"high\" width=\"1024\" height=\"726\" src=\"https:\/\/www.europesays.com\/ee\/wp-content\/uploads\/2026\/06\/GettyImages-488060993-1024x726.webp\" class=\"attachment-hive-single-image size-hive-single-image wp-post-image\" alt=\"\" decoding=\"async\"   data-attachment-id=\"277275\" data-permalink=\"https:\/\/edasi.org\/277199\/valner-valme-10-asja-mida-suvel-mitte-teha\/celebrity-sightings-bauer-griffin-2013\/\" data-orig-file=\"https:\/\/edasi.org\/wp-content\/uploads\/2026\/06\/GettyImages-488060993-scaled.webp\" data-orig-size=\"2048,1451\" data-comments-opened=\"0\" data-image-title=\"Celebrity Sightings \u2013 Bauer-Griffin \u2013 2013\" data-image-description=\"\" data-image-caption=\"&lt;p&gt;Foto: Getty Images&lt;\/p&gt;&#10;\" data-large-file=\"https:\/\/www.europesays.com\/ee\/wp-content\/uploads\/2026\/06\/GettyImages-488060993-1024x726.webp\"\/>\t\t\tFoto: Getty Images\t\t<\/p>\n<p class=\"intro\">Ma ei taha kedagi \u00f5petada elama ja ega ma ise ka teisi ei kuula. Aga kui ka teil on suve algul mingid pained, silme ees virvendamas \u00fclerahvastatud jaanip\u00e4evad, festivalid, kuhu minna (aga see kurnab), festivalid, kuhu ei l\u00e4he, aga tekib fomo, ja k\u00f5ik see aktiivne elu, mida \u201cilusa ilmaga\u201d peab harrastama, siis ehk samastute m\u00f5ne punktiga, v\u00f5i hoopis: vaidlete vastu. Peaasi: jume peale!<\/p>\n<p>1. Mitte hankida elamusi.<\/p>\n<p>K\u00f5igest tahetakse teha \u201celamust\u201d, alates rebitud lihaga \u00f6koburgeri s\u00f6\u00f6misest kuni SUP-laual tagurpidi jooga harrastamiseni.\u00a0<\/p>\n","protected":false},"excerpt":{"rendered":"Foto: Getty Images Ma ei taha kedagi \u00f5petada elama ja ega ma ise ka teisi ei kuula. Aga&hellip;\n","protected":false},"author":2,"featured_media":209517,"comment_status":"","ping_status":"","sticky":false,"template":"","format":"standard","meta":{"footnotes":"","_share_on_mastodon":"0"},"categories":[18],"tags":[37,33,35,34,36,159,158,85436,177,716],"class_list":["post-209516","post","type-post","status-publish","format-standard","has-post-thumbnail","category-sport","tag-ee","tag-eesti","tag-eesti-keel","tag-estonia","tag-estonian","tag-sport","tag-sports","tag-suvesoovitused","tag-teater","tag-valner-valme"],"share_on_mastodon":{"url":"https:\/\/pubeurope.com\/@ee\/116784991450391848","error":""},"_links":{"self":[{"href":"https:\/\/www.europesays.com\/ee\/wp-json\/wp\/v2\/posts\/209516","targetHints":{"allow":["GET"]}}],"collection":[{"href":"https:\/\/www.europesays.com\/ee\/wp-json\/wp\/v2\/posts"}],"about":[{"href":"https:\/\/www.europesays.com\/ee\/wp-json\/wp\/v2\/types\/post"}],"author":[{"embeddable":true,"href":"https:\/\/www.europesays.com\/ee\/wp-json\/wp\/v2\/users\/2"}],"replies":[{"embeddable":true,"href":"https:\/\/www.europesays.com\/ee\/wp-json\/wp\/v2\/comments?post=209516"}],"version-history":[{"count":0,"href":"https:\/\/www.europesays.com\/ee\/wp-json\/wp\/v2\/posts\/209516\/revisions"}],"wp:featuredmedia":[{"embeddable":true,"href":"https:\/\/www.europesays.com\/ee\/wp-json\/wp\/v2\/media\/209517"}],"wp:attachment":[{"href":"https:\/\/www.europesays.com\/ee\/wp-json\/wp\/v2\/media?parent=209516"}],"wp:term":[{"taxonomy":"category","embeddable":true,"href":"https:\/\/www.europesays.com\/ee\/wp-json\/wp\/v2\/categories?post=209516"},{"taxonomy":"post_tag","embeddable":true,"href":"https:\/\/www.europesays.com\/ee\/wp-json\/wp\/v2\/tags?post=209516"}],"curies":[{"name":"wp","href":"https:\/\/api.w.org\/{rel}","templated":true}]}}