{"id":209689,"date":"2026-06-21T08:12:07","date_gmt":"2026-06-21T08:12:07","guid":{"rendered":"https:\/\/www.europesays.com\/ee\/209689\/"},"modified":"2026-06-21T08:12:07","modified_gmt":"2026-06-21T08:12:07","slug":"intervjuu-tsetseenia-eksiilvalitsuse-juht-zakajev-putin-on-kaotamas-kontrolli-bandiitide-ule","status":"publish","type":"post","link":"https:\/\/www.europesays.com\/ee\/209689\/","title":{"rendered":"INTERVJUU | T\u0161et\u0161eenia eksiilvalitsuse juht Zakajev: Putin on kaotamas kontrolli bandiitide \u00fcle"},"content":{"rendered":"<p>Zakajevi s\u00f5nul on kindlad t\u00f5endid, et 1999. aasta elumajade plahvatused Buinakskis, Volgodonskis ja Moskvas korraldasid Vene eriteenistused.   Need s\u00fcndmused said ettek\u00e4\u00e4ndeks teise <a rel=\"noopener nofollow\" target=\"_blank\" href=\"https:\/\/www.delfi.ee\/teema\/27609033\/tsetseenia\" tag-id=\"27609033\">T\u0161et\u0161eenia<\/a> s\u00f5ja alustamiseks. Zakajev kinnitab, et need, kes \u00fcritasid t\u00f5de paljastada, tapeti s\u00fcstemaatiliselt, ent endiselt on neid, kes t\u00f5de teavad. Muu hulgas jagas Zakajev seni avaldamata detaile Boriss Nemtsovi m\u00f5rvast, v\u00e4ites, et Vladimir Putin andis isiklikult k\u00e4su tema likvideerimiseks juba 2012. aastal ning m\u00f5rva t\u00e4ideviimiseks kasutati t\u0161et\u0161eene vaid kattevarjuna. Zakajev meenutab ka Eesti rublatehingut t\u0161et\u0161eenidega aastatel 1992\u20131993 ning t\u00e4nab eestlasi, sest t\u0161et\u0161eenidel oli tollal seoses krooni tulekuga Eestis k\u00e4ibelt eemaldatud miljoneid rublasid riigi \u00fclalpidamiseks v\u00e4ga vaja.  <\/p>\n<p>Lugupeetud peaminister Ahmed Halidovit\u0161 Zakajev, te olete Delfi eetris. Mul on v\u00e4ga hea meel, et te tulite. Ja minu k\u00fcsimus on j\u00e4rgmine. Selgub, et te istusite koos ja arutasite paljude lugupeetud inimestega, sealhulgas Aleksandr Litvinenkoga [endine FSB ohvitser, hilisem Briti luure heaks t\u00f6\u00f6tanud Venemaa presidendi kriitik, kes suri 2006 p\u00e4rast seda, kui Vene luure oli ta m\u00fcrgitanud \u2013 toim]. Te arutasite seda, kuidas neid elumaju \u00f5hku lasti, kuidas see k\u00f5ik k\u00e4is, ja s\u00fc\u00fcdistati teid, t\u0161et\u0161eene. Ja see sai ka teise T\u0161et\u0161eenia-vastase s\u00f5ja ettek\u00e4\u00e4ndeks. Kas see oli t\u00f5si? Kes need plahvatused korraldas?<\/p>\n<p>Oled juba tellija?Logi sisse<\/p>\n<p><a href=\"https:\/\/www.delfi.ee\/artikkel\/120592397\/intervjuu-tsetseenia-eksiilvalitsuse-juht-zakajev-putin-on-kaotamas-kontrolli-bandiitide-ule\/kommentaarid\" class=\"article-body-bottom__comment article-body-bottom__comment--write button button--primary button--size-auto\" rel=\"nofollow noopener\" target=\"_blank\"> Kommenteeri <\/a><a href=\"https:\/\/www.delfi.ee\/artikkel\/120592397\/intervjuu-tsetseenia-eksiilvalitsuse-juht-zakajev-putin-on-kaotamas-kontrolli-bandiitide-ule\/kommentaarid\" class=\"article-body-bottom__comment article-body-bottom__comment--read button button--size-auto\" rel=\"nofollow noopener\" target=\"_blank\"> Loe kommentaare (36)<\/a><\/p>\n","protected":false},"excerpt":{"rendered":"Zakajevi s\u00f5nul on kindlad t\u00f5endid, et 1999. aasta elumajade plahvatused Buinakskis, Volgodonskis ja Moskvas korraldasid Vene eriteenistused. Need&hellip;\n","protected":false},"author":2,"featured_media":209690,"comment_status":"","ping_status":"","sticky":false,"template":"","format":"standard","meta":{"footnotes":"","_share_on_mastodon":"0"},"categories":[80],"tags":[26,27,37,33,35,34,36,31,32,21,28,29,95,19,25,23,24,637,22,20,30,92,93,94],"class_list":["post-209689","post","type-post","status-publish","format-standard","has-post-thumbnail","category-maailm","tag-breaking-news","tag-breakingnews","tag-ee","tag-eesti","tag-eesti-keel","tag-estonia","tag-estonian","tag-featured-news","tag-featurednews","tag-headlines","tag-latest-news","tag-latestnews","tag-maailm","tag-news","tag-populaarseimad-lood","tag-top-stories","tag-topstories","tag-tsetseenia","tag-uldised-uudised","tag-uudised","tag-viimased-uudised","tag-world","tag-world-news","tag-worldnews"],"share_on_mastodon":{"url":"https:\/\/pubeurope.com\/@ee\/116787094637614394","error":""},"_links":{"self":[{"href":"https:\/\/www.europesays.com\/ee\/wp-json\/wp\/v2\/posts\/209689","targetHints":{"allow":["GET"]}}],"collection":[{"href":"https:\/\/www.europesays.com\/ee\/wp-json\/wp\/v2\/posts"}],"about":[{"href":"https:\/\/www.europesays.com\/ee\/wp-json\/wp\/v2\/types\/post"}],"author":[{"embeddable":true,"href":"https:\/\/www.europesays.com\/ee\/wp-json\/wp\/v2\/users\/2"}],"replies":[{"embeddable":true,"href":"https:\/\/www.europesays.com\/ee\/wp-json\/wp\/v2\/comments?post=209689"}],"version-history":[{"count":0,"href":"https:\/\/www.europesays.com\/ee\/wp-json\/wp\/v2\/posts\/209689\/revisions"}],"wp:featuredmedia":[{"embeddable":true,"href":"https:\/\/www.europesays.com\/ee\/wp-json\/wp\/v2\/media\/209690"}],"wp:attachment":[{"href":"https:\/\/www.europesays.com\/ee\/wp-json\/wp\/v2\/media?parent=209689"}],"wp:term":[{"taxonomy":"category","embeddable":true,"href":"https:\/\/www.europesays.com\/ee\/wp-json\/wp\/v2\/categories?post=209689"},{"taxonomy":"post_tag","embeddable":true,"href":"https:\/\/www.europesays.com\/ee\/wp-json\/wp\/v2\/tags?post=209689"}],"curies":[{"name":"wp","href":"https:\/\/api.w.org\/{rel}","templated":true}]}}