{"id":209699,"date":"2026-06-21T08:35:08","date_gmt":"2026-06-21T08:35:08","guid":{"rendered":"https:\/\/www.europesays.com\/ee\/209699\/"},"modified":"2026-06-21T08:35:08","modified_gmt":"2026-06-21T08:35:08","slug":"ida-virumaal-toimus-laupaeval-kaks-liiklusonnetust-uks-inimene-hukkus","status":"publish","type":"post","link":"https:\/\/www.europesays.com\/ee\/209699\/","title":{"rendered":"Ida-Virumaal toimus laup\u00e4eval kaks liiklus\u00f5nnetust, \u00fcks inimene hukkus"},"content":{"rendered":"<p class=\"MsoNormal\">Laup\u00e4eval kell 13.34 s\u00f5itis 64aastane naine Narva-J\u00f5esuu linnas Hiiemetsa k\u00fclas Tallinna-Narva maantee 197. kilomeetril s\u00f5iduautoga MG ZS ees liikuvast s\u00f5idukist m\u00f6\u00f6das\u00f5itu teostades otsa vastu liikunud mootorrattale Yamaha, mida juhtis 47aastane mees. Mootorrattur hukkus s\u00fcndmuskohal. S\u00f5iduauto juht toimetati haiglasse.<\/p>\n<p class=\"MsoNormal\">K\u00f5ik \u00f5nnetuse t\u00e4psemad asjaolud on selgitamisel.<\/p>\n<p>Samuti laup\u00e4eval kell 00.08 teatati liiklus\u00f5nnetusest L\u00fcganuse vallas Maidla k\u00fclas, kus alkoholijoobes 25aastane naine s\u00f5itis s\u00f5iduautoga Audi A6 teelt v\u00e4lja ja s\u00f5iduk paiskus katusele. S\u00f5idukijuht toimetati haiglasse.<\/p>\n","protected":false},"excerpt":{"rendered":"Laup\u00e4eval kell 13.34 s\u00f5itis 64aastane naine Narva-J\u00f5esuu linnas Hiiemetsa k\u00fclas Tallinna-Narva maantee 197. kilomeetril s\u00f5iduautoga MG ZS ees&hellip;\n","protected":false},"author":2,"featured_media":209700,"comment_status":"","ping_status":"","sticky":false,"template":"","format":"standard","meta":{"footnotes":"","_share_on_mastodon":"0"},"categories":[12],"tags":[19147,46327,26,27,37,33,35,34,36,31,32,15142,21,2522,28,29,349,14038,85479,85480,2761,5873,19,25,14150,85481,11935,23,24,22,20,30],"class_list":["post-209699","post","type-post","status-publish","format-standard","has-post-thumbnail","category-eesti","tag-alkoholijoove","tag-audi-a6","tag-breaking-news","tag-breakingnews","tag-ee","tag-eesti","tag-eesti-keel","tag-estonia","tag-estonian","tag-featured-news","tag-featurednews","tag-haigla","tag-headlines","tag-ida-virumaa","tag-latest-news","tag-latestnews","tag-liiklusonnetus","tag-luganuse-vald","tag-maidla-kula","tag-mootorratas-yamaha","tag-mootorrattur","tag-narva-joesuu","tag-news","tag-populaarseimad-lood","tag-soiduauto","tag-soiduauto-mg-zs","tag-tallinna-narva-maantee","tag-top-stories","tag-topstories","tag-uldised-uudised","tag-uudised","tag-viimased-uudised"],"share_on_mastodon":{"url":"https:\/\/pubeurope.com\/@ee\/116787185239793798","error":""},"_links":{"self":[{"href":"https:\/\/www.europesays.com\/ee\/wp-json\/wp\/v2\/posts\/209699","targetHints":{"allow":["GET"]}}],"collection":[{"href":"https:\/\/www.europesays.com\/ee\/wp-json\/wp\/v2\/posts"}],"about":[{"href":"https:\/\/www.europesays.com\/ee\/wp-json\/wp\/v2\/types\/post"}],"author":[{"embeddable":true,"href":"https:\/\/www.europesays.com\/ee\/wp-json\/wp\/v2\/users\/2"}],"replies":[{"embeddable":true,"href":"https:\/\/www.europesays.com\/ee\/wp-json\/wp\/v2\/comments?post=209699"}],"version-history":[{"count":0,"href":"https:\/\/www.europesays.com\/ee\/wp-json\/wp\/v2\/posts\/209699\/revisions"}],"wp:featuredmedia":[{"embeddable":true,"href":"https:\/\/www.europesays.com\/ee\/wp-json\/wp\/v2\/media\/209700"}],"wp:attachment":[{"href":"https:\/\/www.europesays.com\/ee\/wp-json\/wp\/v2\/media?parent=209699"}],"wp:term":[{"taxonomy":"category","embeddable":true,"href":"https:\/\/www.europesays.com\/ee\/wp-json\/wp\/v2\/categories?post=209699"},{"taxonomy":"post_tag","embeddable":true,"href":"https:\/\/www.europesays.com\/ee\/wp-json\/wp\/v2\/tags?post=209699"}],"curies":[{"name":"wp","href":"https:\/\/api.w.org\/{rel}","templated":true}]}}