{"id":209767,"date":"2026-06-21T10:26:32","date_gmt":"2026-06-21T10:26:32","guid":{"rendered":"https:\/\/www.europesays.com\/ee\/209767\/"},"modified":"2026-06-21T10:26:32","modified_gmt":"2026-06-21T10:26:32","slug":"otseblogi-eesti-epeenaiskond-kohtub-em-i-veerandfinaalis-ukrainaga","status":"publish","type":"post","link":"https:\/\/www.europesays.com\/ee\/209767\/","title":{"rendered":"OTSEBLOGI | Eesti epeenaiskond kohtub EM-i veerandfinaalis Ukrainaga"},"content":{"rendered":"<p>Esimese minimat\u0161i kaotas m\u00f5ne p\u00e4eva eest Euroopa meistriks kroonitud <a rel=\"noopener nofollow\" target=\"_blank\" href=\"https:\/\/www.delfi.ee\/teema\/62727952\/katrina-lehis\" tag-id=\"62727952\">Katrina Lehis<\/a> 1:3, kuid teisena vehelnud <a rel=\"noopener nofollow\" target=\"_blank\" href=\"https:\/\/www.delfi.ee\/teema\/56499452\/irina-embrich\" tag-id=\"56499452\">Irina Embrich<\/a> viis Eesti 5:4 juhtima. <a rel=\"noopener nofollow\" target=\"_blank\" href=\"https:\/\/www.delfi.ee\/teema\/64127133\/julia-beljajeva\" tag-id=\"64127133\">Julia Beljajeva<\/a> suurendas kolmanda minimat\u0161i j\u00e4rel edu 10:7 peale.<\/p>\n<p>J\u00e4rgmise kolme minimat\u0161iga kasvatas Eesti oma edu kuue torke peale (21:15). Viimase minimat\u0161i eel oli eestlannade edu juba \u00fcheksa torget ning l\u00f5puks v\u00f5ideti numbritega 45:28.<\/p>\n<p>Neljandana asetatud Eesti naiskond kohtub veerandfinaalis Ukrainaga, kes sai kaheksandikfinaalis jagu Rootsist 45:27. Veerandfinaal algab Eesti aja j\u00e4rgi kell 13. <\/p>\n<p>Kuidas see lugu Sind end tundma pani? Saada <a href=\"https:\/\/sport.delfi.ee\/artikkel\/120592404\/eesti-epeenaiskond-alistas-rumeenia-ning-joudis-em-il-veerandfinaali\/kommentaarid\" class=\"article-body-bottom__comment article-body-bottom__comment--write button button--primary button--size-auto\" rel=\"nofollow noopener\" target=\"_blank\"> Kommenteeri <\/a><a href=\"https:\/\/sport.delfi.ee\/artikkel\/120592404\/eesti-epeenaiskond-alistas-rumeenia-ning-joudis-em-il-veerandfinaali\/kommentaarid\" class=\"article-body-bottom__comment article-body-bottom__comment--read button button--size-auto\" rel=\"nofollow noopener\" target=\"_blank\"> Loe kommentaare (7)<\/a><\/p>\n","protected":false},"excerpt":{"rendered":"Esimese minimat\u0161i kaotas m\u00f5ne p\u00e4eva eest Euroopa meistriks kroonitud Katrina Lehis 1:3, kuid teisena vehelnud Irina Embrich viis&hellip;\n","protected":false},"author":2,"featured_media":209768,"comment_status":"","ping_status":"","sticky":false,"template":"","format":"standard","meta":{"footnotes":"","_share_on_mastodon":"0"},"categories":[18],"tags":[37,33,35,34,36,6342,11175,6345,159,158],"class_list":["post-209767","post","type-post","status-publish","format-standard","has-post-thumbnail","category-sport","tag-ee","tag-eesti","tag-eesti-keel","tag-estonia","tag-estonian","tag-irina-embrich","tag-julia-beljajeva","tag-katrina-lehis","tag-sport","tag-sports"],"share_on_mastodon":{"url":"https:\/\/pubeurope.com\/@ee\/116787621712111781","error":""},"_links":{"self":[{"href":"https:\/\/www.europesays.com\/ee\/wp-json\/wp\/v2\/posts\/209767","targetHints":{"allow":["GET"]}}],"collection":[{"href":"https:\/\/www.europesays.com\/ee\/wp-json\/wp\/v2\/posts"}],"about":[{"href":"https:\/\/www.europesays.com\/ee\/wp-json\/wp\/v2\/types\/post"}],"author":[{"embeddable":true,"href":"https:\/\/www.europesays.com\/ee\/wp-json\/wp\/v2\/users\/2"}],"replies":[{"embeddable":true,"href":"https:\/\/www.europesays.com\/ee\/wp-json\/wp\/v2\/comments?post=209767"}],"version-history":[{"count":0,"href":"https:\/\/www.europesays.com\/ee\/wp-json\/wp\/v2\/posts\/209767\/revisions"}],"wp:featuredmedia":[{"embeddable":true,"href":"https:\/\/www.europesays.com\/ee\/wp-json\/wp\/v2\/media\/209768"}],"wp:attachment":[{"href":"https:\/\/www.europesays.com\/ee\/wp-json\/wp\/v2\/media?parent=209767"}],"wp:term":[{"taxonomy":"category","embeddable":true,"href":"https:\/\/www.europesays.com\/ee\/wp-json\/wp\/v2\/categories?post=209767"},{"taxonomy":"post_tag","embeddable":true,"href":"https:\/\/www.europesays.com\/ee\/wp-json\/wp\/v2\/tags?post=209767"}],"curies":[{"name":"wp","href":"https:\/\/api.w.org\/{rel}","templated":true}]}}