{"id":209794,"date":"2026-06-21T11:00:14","date_gmt":"2026-06-21T11:00:14","guid":{"rendered":"https:\/\/www.europesays.com\/ee\/209794\/"},"modified":"2026-06-21T11:00:14","modified_gmt":"2026-06-21T11:00:14","slug":"eesti-epeenaiskond-pidi-em-i-veerandfinaalis-ukraina-paremust-tunnistama-vehklemine","status":"publish","type":"post","link":"https:\/\/www.europesays.com\/ee\/209794\/","title":{"rendered":"Eesti epeenaiskond pidi EM-i veerandfinaalis Ukraina paremust tunnistama | Vehklemine"},"content":{"rendered":"<p>Eesti epeenaiskond p\u00e4\u00e4ses Prantsusmaal Antonys toimuvate vehklemise Euroopa meistriv\u00f5istluste v\u00f5istkondlikul v\u00f5istlusel veerandfinaali, kuid pidi seal tunnistama Ukraina esinduse paremust.<\/p>\n<p>Katrina Lehis kaotas Emma Sontile esimese minimat\u0161i 1:3, aga Irina Embrich ja Julia Beljajeva viisid j\u00e4rgmise kolme duelliga Eesti juhtima 13:9. Lehis vehkles seej\u00e4rel rumeenlannaga viiki, misj\u00e4rel kasvatasid Beljajeva ja Embrich veelgi edu. Lehis astus veel viimasena rajale ning vormistas Eesti naiskonnale kindla 45:28 v\u00f5idu.<\/p>\n<p>Turniiriks neljanda asetuse saanud Eesti l\u00e4ks veerandfinaalis vastamisi viienda asetusega Ukrainaga ning j\u00e4i kolme duelli j\u00e4rel 8:10 kaotusseisu, kuid Embrich t\u00f5i neljanda minimat\u0161iga tabloole 12:12 viigi.<\/p>\n<p>Eestlannad j\u00e4id seej\u00e4rel uuesti v\u00e4ikesesse kaotusseisu ning viimasele minimat\u0161ile mindi vastu 23:25 kaotusseisus. V\u00e4rske Euroopa meister Katrina Lehis j\u00f5udis siis viigistada, kuid Anna Maks\u00f5menko vehkles otsustavatel hetkedel paremini ning Eesti pidi leppima veerandfinaalis 33:35 kaotusega.<\/p>\n<p>5.-8. koha peale vehklev Eesti kohtub esimeses kohamat\u0161is \u0160veitsiga, kes kaotas veerandfinaalis Prantsusmaale 37:45.<\/p>\n","protected":false},"excerpt":{"rendered":"Eesti epeenaiskond p\u00e4\u00e4ses Prantsusmaal Antonys toimuvate vehklemise Euroopa meistriv\u00f5istluste v\u00f5istkondlikul v\u00f5istlusel veerandfinaali, kuid pidi seal tunnistama Ukraina esinduse&hellip;\n","protected":false},"author":2,"featured_media":209795,"comment_status":"","ping_status":"","sticky":false,"template":"","format":"standard","meta":{"footnotes":"","_share_on_mastodon":"0"},"categories":[18],"tags":[37,33,28770,35,34,36,6342,11175,6345,159,158,37892],"class_list":["post-209794","post","type-post","status-publish","format-standard","has-post-thumbnail","category-sport","tag-ee","tag-eesti","tag-eesti-epeenaiskond","tag-eesti-keel","tag-estonia","tag-estonian","tag-irina-embrich","tag-julia-beljajeva","tag-katrina-lehis","tag-sport","tag-sports","tag-vehklemise-em"],"share_on_mastodon":{"url":"https:\/\/pubeurope.com\/@ee\/116787755476944588","error":""},"_links":{"self":[{"href":"https:\/\/www.europesays.com\/ee\/wp-json\/wp\/v2\/posts\/209794","targetHints":{"allow":["GET"]}}],"collection":[{"href":"https:\/\/www.europesays.com\/ee\/wp-json\/wp\/v2\/posts"}],"about":[{"href":"https:\/\/www.europesays.com\/ee\/wp-json\/wp\/v2\/types\/post"}],"author":[{"embeddable":true,"href":"https:\/\/www.europesays.com\/ee\/wp-json\/wp\/v2\/users\/2"}],"replies":[{"embeddable":true,"href":"https:\/\/www.europesays.com\/ee\/wp-json\/wp\/v2\/comments?post=209794"}],"version-history":[{"count":0,"href":"https:\/\/www.europesays.com\/ee\/wp-json\/wp\/v2\/posts\/209794\/revisions"}],"wp:featuredmedia":[{"embeddable":true,"href":"https:\/\/www.europesays.com\/ee\/wp-json\/wp\/v2\/media\/209795"}],"wp:attachment":[{"href":"https:\/\/www.europesays.com\/ee\/wp-json\/wp\/v2\/media?parent=209794"}],"wp:term":[{"taxonomy":"category","embeddable":true,"href":"https:\/\/www.europesays.com\/ee\/wp-json\/wp\/v2\/categories?post=209794"},{"taxonomy":"post_tag","embeddable":true,"href":"https:\/\/www.europesays.com\/ee\/wp-json\/wp\/v2\/tags?post=209794"}],"curies":[{"name":"wp","href":"https:\/\/api.w.org\/{rel}","templated":true}]}}