{"id":209796,"date":"2026-06-21T11:03:14","date_gmt":"2026-06-21T11:03:14","guid":{"rendered":"https:\/\/www.europesays.com\/ee\/209796\/"},"modified":"2026-06-21T11:03:14","modified_gmt":"2026-06-21T11:03:14","slug":"kauksisse-rajatud-kanalisatsioonist-kohalik-elanik-kasu-ei-saa-eesti","status":"publish","type":"post","link":"https:\/\/www.europesays.com\/ee\/209796\/","title":{"rendered":"Kauksisse rajatud kanalisatsioonist kohalik elanik kasu ei saa | Eesti"},"content":{"rendered":"<p>Ligi viis miljonit eurot maksma l\u00e4inud Kauksi reoveepuhastuss\u00fcsteem saab t\u00f6\u00f6tada plaanitust v\u00e4iksema koormusega, otsustas keskkonnaamet. Otsus t\u00e4hendab, et kanalisatsiooniga saab liituda vaid kohalik spaa, aga mitte elanikud. Samuti v\u00f5ib juhtuda, et tagasi tuleb maksta toetused.<\/p>\n<p>Peipsi p\u00f5hjapiirkonna heitvett hakatakse laskma Kauksi ojja, mis suubub Peipsi j\u00e4rve. Oja kehvale seisundile viidates lubab keskkonnaamet lasta loodusesse \u00f6\u00f6p\u00e4evas heitvett ligi kaks kolmandikku v\u00e4hem, kui vee-ettev\u00f5te taotles.<\/p>\n<p>Keskkonnaameti veeosakonna juhataja Triin M\u00e4gi \u00fctles, et kuna selle oja voolu hulk on v\u00e4ike, siis kui sinna tuleb saasteaineid juurde ei pruugi elustikule ja taimestikule sellise kontsentratsiooniga vesi olla vastuv\u00f5etav.<\/p>\n<p>Keskkonnaamet on m\u00e4\u00e4ranud kanalisatsioonile nelja-aastase seireperioodi. Esimesed vahekokkuv\u00f5tted on plaanis teha aasta p\u00e4rast kanalisatsiooni k\u00e4ivitamist.<\/p>\n<p>Alutaguse vallavalitsuse arvates oleks keskkonnaamet pidanud lubama lasta Kauksi ojja kogu taotluses k\u00fcsitud heitvee koguse ehk lubatud 75 kuupmeetri asemel 200 kuupmeetrit \u00f6\u00f6p\u00e4evas. Siis oleks lisaks spaale saanud liituda kanalisatsiooniga ka kohalikud elanikud, kes peavad j\u00e4tkuvalt leidma kinnistup\u00f5hiseid lahendusi.<\/p>\n<p>Nii omavalitsuse kui ka valla kutsel projekti ellu viima hakanud Emaj\u00f5e veev\u00e4rgi jaoks tulid suured mahupiirangud ootamatusena.<\/p>\n<p>&#8220;\u00dcldiselt pidanuks selline olukord leidma lahenduse siis, kui projekteerimise protsess oli pooleli. Ehk kui projekti koosk\u00f5lastati, pidanuks need murekohad v\u00e4lja tulema,&#8221; s\u00f5nas Emaj\u00f5e veev\u00e4rgi projektijuht Margus Sinim\u00e4e.<\/p>\n<p>Alutaguse vallavalitsuse liige Liina Talistu \u00fctles, et vald tegi keskkonnam\u00f5jude hinnangu enne ehitusloa andmist ja siis oli suubla asukoht valitud, aga ei olnud veel torustikke ehitama hakatud ega isegi rahastust taotletud. &#8220;N\u00fc\u00fcd, kui torustikud on valmis, oli nii p\u00f5him\u00f5tteline erinevus ootamatu,&#8221; lisas ta.<\/p>\n<p>4,7 miljonit eurot maksma minev vee- ja kanalisatsiooniprojekt on paljuski ehitatud t\u00e4nu eri toetustele, sealhulgas eurotoetusele. Kui kohalikud elanikud kanalisatsiooniga liituda ei saa, kardab vee-ettev\u00f5te, et toetused n\u00f5utakse tagasi.<\/p>\n<p>Kohalikud kardavad, et ka lubatud heitveekogus ohustab nii Kauksi oja, Peipsi suplusranda kui ka piirkonna n\u00f5rgalt kaitstud p\u00f5hjavett. Neil on kavas veeluba vaidlustada.<\/p>\n<p>Kohaliku elaniku T\u00f5nis Rohtma s\u00f5nul on juba 1971. aastal tehtud piirkonnas geoloogilised uuringud. &#8220;See pinnas on poorne ja liivane, lihtsalt \u00f6eldes imenduv. Heitvesi imendub samamoodi ja ei ole vahet, mis aastaaeg on. See on otseses seoses esimese p\u00f5hjavee kihiga, millest toituvad nii salvkaevud kui madalad puurkaevud,&#8221; \u00fctles Rohtma,<\/p>\n<p>&#8220;Ikkagi j\u00e4\u00e4b k\u00fcsimus, miks siis sellisesse piirkonda nagu Kauksi rand, mis on mainekas turismipiirkond, peab otse randa suubuma heitvesi,&#8221; lisas kohalik Tiia Pukk.<\/p>\n<p>Keskkonnaamet on pakkunud alternatiivina heitvee suunamist Kauksi ojast veerohkemasse Rannapungerja j\u00f5kke. Kuna see asub Kauksi ojast kaugemal, muutuks projekt kallimaks.<\/p>\n<p>Keskkonnaametil ja vee-ettev\u00f5ttel on kavas lahenduste leidmiseks kohtuda j\u00e4rgmisel n\u00e4dalal.<\/p>\n<p><img decoding=\"async\" data-photo-id=\"3667237\" src=\"https:\/\/www.europesays.com\/ee\/wp-content\/uploads\/2026\/06\/3667237h9c8dt24.jpg\"\/>Kauksi oja. Autor\/allikas: Rene Kundla\/ERR<\/p>\n","protected":false},"excerpt":{"rendered":"Ligi viis miljonit eurot maksma l\u00e4inud Kauksi reoveepuhastuss\u00fcsteem saab t\u00f6\u00f6tada plaanitust v\u00e4iksema koormusega, otsustas keskkonnaamet. Otsus t\u00e4hendab, et&hellip;\n","protected":false},"author":2,"featured_media":209797,"comment_status":"","ping_status":"","sticky":false,"template":"","format":"standard","meta":{"footnotes":"","_share_on_mastodon":"0"},"categories":[12],"tags":[26,27,37,33,35,34,36,31,32,21,29798,85523,28,29,19,25,23,24,22,20,40543,30],"class_list":["post-209796","post","type-post","status-publish","format-standard","has-post-thumbnail","category-eesti","tag-breaking-news","tag-breakingnews","tag-ee","tag-eesti","tag-eesti-keel","tag-estonia","tag-estonian","tag-featured-news","tag-featurednews","tag-headlines","tag-kanalisatsioon","tag-kauksi-reoveepuhastussusteem","tag-latest-news","tag-latestnews","tag-news","tag-populaarseimad-lood","tag-top-stories","tag-topstories","tag-uldised-uudised","tag-uudised","tag-veevark","tag-viimased-uudised"],"share_on_mastodon":{"url":"https:\/\/pubeurope.com\/@ee\/116787767552059855","error":""},"_links":{"self":[{"href":"https:\/\/www.europesays.com\/ee\/wp-json\/wp\/v2\/posts\/209796","targetHints":{"allow":["GET"]}}],"collection":[{"href":"https:\/\/www.europesays.com\/ee\/wp-json\/wp\/v2\/posts"}],"about":[{"href":"https:\/\/www.europesays.com\/ee\/wp-json\/wp\/v2\/types\/post"}],"author":[{"embeddable":true,"href":"https:\/\/www.europesays.com\/ee\/wp-json\/wp\/v2\/users\/2"}],"replies":[{"embeddable":true,"href":"https:\/\/www.europesays.com\/ee\/wp-json\/wp\/v2\/comments?post=209796"}],"version-history":[{"count":0,"href":"https:\/\/www.europesays.com\/ee\/wp-json\/wp\/v2\/posts\/209796\/revisions"}],"wp:featuredmedia":[{"embeddable":true,"href":"https:\/\/www.europesays.com\/ee\/wp-json\/wp\/v2\/media\/209797"}],"wp:attachment":[{"href":"https:\/\/www.europesays.com\/ee\/wp-json\/wp\/v2\/media?parent=209796"}],"wp:term":[{"taxonomy":"category","embeddable":true,"href":"https:\/\/www.europesays.com\/ee\/wp-json\/wp\/v2\/categories?post=209796"},{"taxonomy":"post_tag","embeddable":true,"href":"https:\/\/www.europesays.com\/ee\/wp-json\/wp\/v2\/tags?post=209796"}],"curies":[{"name":"wp","href":"https:\/\/api.w.org\/{rel}","templated":true}]}}