{"id":209798,"date":"2026-06-21T11:04:19","date_gmt":"2026-06-21T11:04:19","guid":{"rendered":"https:\/\/www.europesays.com\/ee\/209798\/"},"modified":"2026-06-21T11:04:19","modified_gmt":"2026-06-21T11:04:19","slug":"tahan-kaia-poes-kaks-korda-paevas-rocca-al-mare-uus-parkimiskord-sattus-sotsiaalmeedias-turmtule-alla","status":"publish","type":"post","link":"https:\/\/www.europesays.com\/ee\/209798\/","title":{"rendered":"\u201eTahan k\u00e4ia poes kaks korda p\u00e4evas\u201c. Rocca al Mare uus parkimiskord sattus sotsiaalmeedias turmtule alla"},"content":{"rendered":"<p>Uue korra kohaselt hakkab parkimist korraldama <a rel=\"noopener nofollow\" target=\"_blank\" href=\"https:\/\/www.delfi.ee\/teema\/96882451\/snabb\" tag-id=\"96882451\">Snabb<\/a>. See t\u00e4hendab, et edaspidi saab keskuse ees tasuta parkida kuni kaks tundi p\u00e4evas. Ajapiirangu \u00fcletamisel maksab iga alustatud pooltund \u00fche euro ning s\u00f5idukite viibimisaega fikseeritakse automaatse numbrituvastuse abil. Seet\u00f5ttu ei pea l\u00fchema kui kahe tunni pikkuse poek\u00fclastuse korral kasutama parkimiskella ega autot eraldi registreerima.<\/p>\n<p>Sotsiaalmeedias puhkenud aruteludes toovad keskuse k\u00fclastajad v\u00e4lja mitu probleemi, mis uue korraga kaasnevad. K\u00f5ige suuremat rahulolematust n\u00e4ib tekitavat reegel, mis lubab tasuta parkimisaega kasutada vaid korra p\u00e4evas. Klientide hinnangul karistab see eba\u00f5iglaselt kohalikke elanikke, kes tahavad k\u00e4ia poes hommikul ja \u00f5htul v\u00f5i kes sooviksid ostmata j\u00e4\u00e4nud asja t\u00f5ttu tagasi p\u00f6\u00f6rduda. Samuti tuuakse v\u00e4lja, et tehes p\u00e4eva jooksul mitu l\u00fchikest poek\u00fclastust, rakendub parkimistasu isegi siis, kui s\u00f5iduk on parklas viibinud kokku alla kahe tunni.<\/p>\n<p>Oled juba tellija?Logi sisse<\/p>\n<p><a href=\"https:\/\/arileht.delfi.ee\/a\/120592390\/tahan-kaia-poes-kaks-korda-paevas-rocca-al-mare-uus-parkimiskord-sattus-sotsiaalmeedias-turmtule-alla\/kommentaarid\" class=\"article-body-bottom__comment article-body-bottom__comment--write button button--primary button--size-auto\" rel=\"nofollow noopener\" target=\"_blank\"> Kommenteeri <\/a><a href=\"https:\/\/arileht.delfi.ee\/a\/120592390\/tahan-kaia-poes-kaks-korda-paevas-rocca-al-mare-uus-parkimiskord-sattus-sotsiaalmeedias-turmtule-alla\/kommentaarid\" class=\"article-body-bottom__comment article-body-bottom__comment--read button button--size-auto\" rel=\"nofollow noopener\" target=\"_blank\"> Loe kommentaare (190)<\/a><\/p>\n","protected":false},"excerpt":{"rendered":"Uue korra kohaselt hakkab parkimist korraldama Snabb. See t\u00e4hendab, et edaspidi saab keskuse ees tasuta parkida kuni kaks&hellip;\n","protected":false},"author":2,"featured_media":209799,"comment_status":"","ping_status":"","sticky":false,"template":"","format":"standard","meta":{"footnotes":"","_share_on_mastodon":"0"},"categories":[5],"tags":[26,27,37,33,35,34,36,31,32,21,85524,28,29,19,80846,25,2806,43642,57739,23,24,22,5798,20,30],"class_list":["post-209798","post","type-post","status-publish","format-standard","has-post-thumbnail","category-uldised-uudised","tag-breaking-news","tag-breakingnews","tag-ee","tag-eesti","tag-eesti-keel","tag-estonia","tag-estonian","tag-featured-news","tag-featurednews","tag-headlines","tag-helina-leif","tag-latest-news","tag-latestnews","tag-news","tag-parkimiskord","tag-populaarseimad-lood","tag-rocca-al-mare","tag-snabb","tag-tasuta-parkimine","tag-top-stories","tag-topstories","tag-uldised-uudised","tag-unibet-arena","tag-uudised","tag-viimased-uudised"],"share_on_mastodon":{"url":"https:\/\/pubeurope.com\/@ee\/116787771001520054","error":""},"_links":{"self":[{"href":"https:\/\/www.europesays.com\/ee\/wp-json\/wp\/v2\/posts\/209798","targetHints":{"allow":["GET"]}}],"collection":[{"href":"https:\/\/www.europesays.com\/ee\/wp-json\/wp\/v2\/posts"}],"about":[{"href":"https:\/\/www.europesays.com\/ee\/wp-json\/wp\/v2\/types\/post"}],"author":[{"embeddable":true,"href":"https:\/\/www.europesays.com\/ee\/wp-json\/wp\/v2\/users\/2"}],"replies":[{"embeddable":true,"href":"https:\/\/www.europesays.com\/ee\/wp-json\/wp\/v2\/comments?post=209798"}],"version-history":[{"count":0,"href":"https:\/\/www.europesays.com\/ee\/wp-json\/wp\/v2\/posts\/209798\/revisions"}],"wp:featuredmedia":[{"embeddable":true,"href":"https:\/\/www.europesays.com\/ee\/wp-json\/wp\/v2\/media\/209799"}],"wp:attachment":[{"href":"https:\/\/www.europesays.com\/ee\/wp-json\/wp\/v2\/media?parent=209798"}],"wp:term":[{"taxonomy":"category","embeddable":true,"href":"https:\/\/www.europesays.com\/ee\/wp-json\/wp\/v2\/categories?post=209798"},{"taxonomy":"post_tag","embeddable":true,"href":"https:\/\/www.europesays.com\/ee\/wp-json\/wp\/v2\/tags?post=209798"}],"curies":[{"name":"wp","href":"https:\/\/api.w.org\/{rel}","templated":true}]}}