{"id":209818,"date":"2026-06-21T11:35:13","date_gmt":"2026-06-21T11:35:13","guid":{"rendered":"https:\/\/www.europesays.com\/ee\/209818\/"},"modified":"2026-06-21T11:35:13","modified_gmt":"2026-06-21T11:35:13","slug":"tarmo-soomere-%e2%9f%a9-euroopa-pusimine-soltub-ookeani-kasutamise-voimalusest-jargmise-soja-tulemus-otsustatakse-merel","status":"publish","type":"post","link":"https:\/\/www.europesays.com\/ee\/209818\/","title":{"rendered":"TARMO SOOMERE \u27e9 Euroopa p\u00fcsimine s\u00f5ltub ookeani kasutamise v\u00f5imalusest \u2013 j\u00e4rgmise s\u00f5ja tulemus otsustatakse merel"},"content":{"rendered":"<p>Eesti ja suur osa idapoolsest Euroopast on l\u00fchikese ajaga ehitanud \u00fcles tugeva ja efektiivse kaitse nii \u00f5hust kui ka m\u00f6\u00f6da maismaad tulevate s\u00f5jaliste ohtude vastu. Euroopa tuumik teab seda ja v\u00f5tab asju rahulikult. J\u00e4ttes aga suures osas fookusest v\u00e4lja selle, et vana hea Euroopa on tegelikult \u00fcks suhteliselt suur Euraasia mandri poolsaar, mille edu ja igap\u00e4evane toimimine s\u00f5ltub kardinaalselt meritsi kulgevatest \u00fchendusteedest, kirjutab akadeemik, Tallinna Tehnika\u00fclikooli rannikutehnika professor ning Eesti esindaja NATO mereuuringute keskuse teadusn\u00f5ukojas Tarmo Soomere.<\/p>\n","protected":false},"excerpt":{"rendered":"Eesti ja suur osa idapoolsest Euroopast on l\u00fchikese ajaga ehitanud \u00fcles tugeva ja efektiivse kaitse nii \u00f5hust kui&hellip;\n","protected":false},"author":2,"featured_media":209819,"comment_status":"","ping_status":"","sticky":false,"template":"","format":"standard","meta":{"footnotes":"","_share_on_mastodon":"0"},"categories":[80],"tags":[85528,11205,2332,85526,26,27,85531,37,33,35,34,36,112,590,31,32,21,326,27417,46527,37729,83562,1925,85525,28,29,95,108,2521,54,85529,19,20865,111,25,51,113,4342,85530,56997,33477,5593,7568,23,24,1038,124,22,1036,20,7277,96,85527,30,92,93,94],"class_list":["post-209818","post","type-post","status-publish","format-standard","has-post-thumbnail","category-maailm","tag-araabia-poolsaar","tag-atlandi-ookean","tag-balti-riigid","tag-biskaia-laht","tag-breaking-news","tag-breakingnews","tag-ecole-normale-superieure","tag-ee","tag-eesti","tag-eesti-keel","tag-estonia","tag-estonian","tag-euroopa","tag-euroopa-liit","tag-featured-news","tag-featurednews","tag-headlines","tag-hiina","tag-hollandi","tag-hormuzi-vain","tag-huthid","tag-india-ookean","tag-iraan","tag-kaliningradi","tag-latest-news","tag-latestnews","tag-maailm","tag-moskva","tag-narva","tag-nato","tag-nato-mereuuringute-keskus","tag-news","tag-ottawa-konventsioon","tag-poola","tag-populaarseimad-lood","tag-saksamaa","tag-soome","tag-soome-laht","tag-stephane-audrand","tag-suessi-kanal","tag-suwalki-koridor","tag-tallinna-tehnikaulikool","tag-tarmo-soomere","tag-top-stories","tag-topstories","tag-uhendkuningriik","tag-ukraina-soda","tag-uldised-uudised","tag-uro-julgeolekunoukogu","tag-uudised","tag-vahemeri","tag-venemaa","tag-vidzeme-vabariik","tag-viimased-uudised","tag-world","tag-world-news","tag-worldnews"],"share_on_mastodon":{"url":"","error":"Validation failed: Text character limit of 500 exceeded"},"_links":{"self":[{"href":"https:\/\/www.europesays.com\/ee\/wp-json\/wp\/v2\/posts\/209818","targetHints":{"allow":["GET"]}}],"collection":[{"href":"https:\/\/www.europesays.com\/ee\/wp-json\/wp\/v2\/posts"}],"about":[{"href":"https:\/\/www.europesays.com\/ee\/wp-json\/wp\/v2\/types\/post"}],"author":[{"embeddable":true,"href":"https:\/\/www.europesays.com\/ee\/wp-json\/wp\/v2\/users\/2"}],"replies":[{"embeddable":true,"href":"https:\/\/www.europesays.com\/ee\/wp-json\/wp\/v2\/comments?post=209818"}],"version-history":[{"count":0,"href":"https:\/\/www.europesays.com\/ee\/wp-json\/wp\/v2\/posts\/209818\/revisions"}],"wp:featuredmedia":[{"embeddable":true,"href":"https:\/\/www.europesays.com\/ee\/wp-json\/wp\/v2\/media\/209819"}],"wp:attachment":[{"href":"https:\/\/www.europesays.com\/ee\/wp-json\/wp\/v2\/media?parent=209818"}],"wp:term":[{"taxonomy":"category","embeddable":true,"href":"https:\/\/www.europesays.com\/ee\/wp-json\/wp\/v2\/categories?post=209818"},{"taxonomy":"post_tag","embeddable":true,"href":"https:\/\/www.europesays.com\/ee\/wp-json\/wp\/v2\/tags?post=209818"}],"curies":[{"name":"wp","href":"https:\/\/api.w.org\/{rel}","templated":true}]}}