{"id":209855,"date":"2026-06-21T12:40:10","date_gmt":"2026-06-21T12:40:10","guid":{"rendered":"https:\/\/www.europesays.com\/ee\/209855\/"},"modified":"2026-06-21T12:40:10","modified_gmt":"2026-06-21T12:40:10","slug":"taaselustati-euroopa-klubikorvpalli-ajaloo-uks-vagevamaid-koostoid","status":"publish","type":"post","link":"https:\/\/www.europesays.com\/ee\/209855\/","title":{"rendered":"Taaselustati Euroopa klubikorvpalli ajaloo \u00fcks v\u00e4gevamaid koost\u00f6id"},"content":{"rendered":"<p class=\"isSelectedEnd\">\u017deljko Obradovic naaseb Ateena Panathinaikos AKTORi peatreeneriks.<\/p>\n<p class=\"isSelectedEnd\">Panathinaikose omanik Dimitris Giannakopoulos avaldas Instagramis foto koos Obradovi\u0107iga ning lisas sellele pealkirja: \u201eLugu j\u00e4tkub\u2026\u201c<\/p>\n<p>Peagi p\u00e4rast seda kinnitas Panathinaikos ametlikus avalduses, et Obradovic s\u00f5lmis klubiga kolmeaastase lepingu, mis seob teda meeskonnaga kuni 2028\/29 hooaja l\u00f5puni.<\/p>\n<p>Obradovic Panathinaikose peatreenerina.<\/p>\n<p class=\"isSelectedEnd\">Obradovic on Panathinaikose jaoks palju enamat kui lihtsalt endine peatreener. Ta on klubi kuldajastu arhitekt \u2013 mees, kes aitas muuta OAKA \u00fcheks Euroopa kardetuimaks areeniks ning Panathinaikose kontinendi \u00fcheks suurv\u00f5imuks.<\/p>\n<p class=\"isSelectedEnd\">Aastatel 1999\u20132012 t\u00fc\u00fcris ta rohes\u00e4rgid viie Euroliiga tiitli, 11 Kreeka meistritiitli ja seitsme Kreeka karikav\u00f5iduni, rajades p\u00e4randi, mis kujundab klubi ootusi t\u00e4naseni.<\/p>\n<p class=\"isSelectedEnd\">Tema meeskondi iseloomustasid distsipliin, m\u00e4nguline tarkus, tugev kaitse ja s\u00fcgav side f\u00e4nnidega.<\/p>\n<p>Viimastel aastatel on Panathinaikos p\u00fc\u00fcdnud taastada oma hiilgeaegade s\u00e4ra. Ergin Atamani k\u00e4e all naasis klubi Euroopa tippu, kuid hiljutised eba\u00f5nnestumised Euroliigas ja kodusel areenil on toonud esile vajaduse uue suuna j\u00e4rele.<\/p>\n<p class=\"isSelectedEnd\">66-aastasena on Obradovic endiselt Euroopa korvpalliajaloo tituleerituim treener. Tema saavutuste hulka kuulub \u00fcheksa Euroliiga tiitlit viie erineva klubiga \u2013 saavutus, millele selles spordialas v\u00f5rdset ei leidu.<\/p>\n<p class=\"isSelectedEnd\">Viimati juhendas ta aastatel 2021\u20132025 Belgradi Partizani, kellega v\u00f5itis kaks ABA liiga meistritiitlit ning oli 2023. aastal l\u00e4hedal Euroliiga Final Four&#8217;i p\u00e4\u00e4semisele.<\/p>\n<p>Vaatamata klubi poolehoidjate tugevale toetusele astus Obradovic 2025. aasta novembris ametist tagasi.<\/p>\n","protected":false},"excerpt":{"rendered":"\u017deljko Obradovic naaseb Ateena Panathinaikos AKTORi peatreeneriks. Panathinaikose omanik Dimitris Giannakopoulos avaldas Instagramis foto koos Obradovi\u0107iga ning lisas&hellip;\n","protected":false},"author":2,"featured_media":209856,"comment_status":"","ping_status":"","sticky":false,"template":"","format":"standard","meta":{"footnotes":"","_share_on_mastodon":"0"},"categories":[18],"tags":[4096,6483,13864,78058,37,33,35,34,36,5263,16869,5922,85556,85551,85552,85550,85553,3822,10851,159,158,85554,85555,4893],"class_list":["post-209855","post","type-post","status-publish","format-standard","has-post-thumbnail","category-sport","tag-ateena","tag-ateena-panathinaikos","tag-belgrad","tag-dimitris-giannakopoulos","tag-ee","tag-eesti","tag-eesti-keel","tag-estonia","tag-estonian","tag-euroliiga","tag-fenerbahce","tag-instagram","tag-kolmeaastane-leping","tag-kreeka-korvpall","tag-olumpiakos","tag-panathinaikos-aktor","tag-partizan-belgrade","tag-serbia","tag-serbia-koondis","tag-sport","tag-sports","tag-treenerileping","tag-turgi-korvpall","tag-zeljko-obradovic"],"share_on_mastodon":{"url":"https:\/\/pubeurope.com\/@ee\/116788148651846461","error":""},"_links":{"self":[{"href":"https:\/\/www.europesays.com\/ee\/wp-json\/wp\/v2\/posts\/209855","targetHints":{"allow":["GET"]}}],"collection":[{"href":"https:\/\/www.europesays.com\/ee\/wp-json\/wp\/v2\/posts"}],"about":[{"href":"https:\/\/www.europesays.com\/ee\/wp-json\/wp\/v2\/types\/post"}],"author":[{"embeddable":true,"href":"https:\/\/www.europesays.com\/ee\/wp-json\/wp\/v2\/users\/2"}],"replies":[{"embeddable":true,"href":"https:\/\/www.europesays.com\/ee\/wp-json\/wp\/v2\/comments?post=209855"}],"version-history":[{"count":0,"href":"https:\/\/www.europesays.com\/ee\/wp-json\/wp\/v2\/posts\/209855\/revisions"}],"wp:featuredmedia":[{"embeddable":true,"href":"https:\/\/www.europesays.com\/ee\/wp-json\/wp\/v2\/media\/209856"}],"wp:attachment":[{"href":"https:\/\/www.europesays.com\/ee\/wp-json\/wp\/v2\/media?parent=209855"}],"wp:term":[{"taxonomy":"category","embeddable":true,"href":"https:\/\/www.europesays.com\/ee\/wp-json\/wp\/v2\/categories?post=209855"},{"taxonomy":"post_tag","embeddable":true,"href":"https:\/\/www.europesays.com\/ee\/wp-json\/wp\/v2\/tags?post=209855"}],"curies":[{"name":"wp","href":"https:\/\/api.w.org\/{rel}","templated":true}]}}