{"id":209857,"date":"2026-06-21T12:42:35","date_gmt":"2026-06-21T12:42:35","guid":{"rendered":"https:\/\/www.europesays.com\/ee\/209857\/"},"modified":"2026-06-21T12:42:35","modified_gmt":"2026-06-21T12:42:35","slug":"lumivalge-tony-voidab-sudameid-oma-naeratuse-ja-sobralikkusega","status":"publish","type":"post","link":"https:\/\/www.europesays.com\/ee\/209857\/","title":{"rendered":"Lumivalge Tony v\u00f5idab s\u00fcdameid oma naeratuse ja s\u00f5bralikkusega"},"content":{"rendered":"<p class=\"p5\">T\u00f5en\u00e4oliselt ei ole ma kunagi varem kohanud nii s\u00f5bralikku koera. Terve meie kohtumise aja otsis Tony inimeste l\u00e4hedust. Kui \u00fcks inimene l\u00f5petas tema s\u00fcgamise, leidis ta kiiresti j\u00e4rgmise. \u00dchel hetkel, kui tema paksu ja uskumatult pehmet kasukat silitasin, t\u00f5stis ta k\u00e4pa mulle s\u00fclle. Nagu vana s\u00f5ber, kes annab m\u00e4rku, et t\u00e4helepanu v\u00f5iks veel natuke j\u00e4tkuda.<\/p>\n","protected":false},"excerpt":{"rendered":"T\u00f5en\u00e4oliselt ei ole ma kunagi varem kohanud nii s\u00f5bralikku koera. Terve meie kohtumise aja otsis Tony inimeste l\u00e4hedust.&hellip;\n","protected":false},"author":2,"featured_media":209858,"comment_status":"","ping_status":"","sticky":false,"template":"","format":"standard","meta":{"footnotes":"","_share_on_mastodon":"0"},"categories":[80],"tags":[26,27,85573,37,33,35,34,36,31,32,21,85570,85569,85568,85561,28,29,85557,95,24091,85572,85566,19,25,85558,85564,85562,85563,85567,85559,85565,85560,23,24,85571,85574,22,20,30,92,93,94],"class_list":["post-209857","post","type-post","status-publish","format-standard","has-post-thumbnail","category-maailm","tag-breaking-news","tag-breakingnews","tag-demi","tag-ee","tag-eesti","tag-eesti-keel","tag-estonia","tag-estonian","tag-featured-news","tag-featurednews","tag-headlines","tag-juunikuine-lumesadu","tag-koerakarvad","tag-koeravillast-tehtud-long","tag-koertenaitused","tag-latest-news","tag-latestnews","tag-lumivalge-tony","tag-maailm","tag-maanus-masing","tag-mona","tag-neenetsi-hoimud","tag-news","tag-populaarseimad-lood","tag-samojeed","tag-samojeedi-karv","tag-samojeedi-karvahooldus","tag-samojeedi-koer","tag-siberi-samojeed","tag-smiling-snowballi-kennelist","tag-tony-ema","tag-tony-perenaine-triinu-sooaar","tag-top-stories","tag-topstories","tag-triinu","tag-triinu-perenaine-soaar","tag-uldised-uudised","tag-uudised","tag-viimased-uudised","tag-world","tag-world-news","tag-worldnews"],"share_on_mastodon":{"url":"","error":"Validation failed: Text character limit of 500 exceeded"},"_links":{"self":[{"href":"https:\/\/www.europesays.com\/ee\/wp-json\/wp\/v2\/posts\/209857","targetHints":{"allow":["GET"]}}],"collection":[{"href":"https:\/\/www.europesays.com\/ee\/wp-json\/wp\/v2\/posts"}],"about":[{"href":"https:\/\/www.europesays.com\/ee\/wp-json\/wp\/v2\/types\/post"}],"author":[{"embeddable":true,"href":"https:\/\/www.europesays.com\/ee\/wp-json\/wp\/v2\/users\/2"}],"replies":[{"embeddable":true,"href":"https:\/\/www.europesays.com\/ee\/wp-json\/wp\/v2\/comments?post=209857"}],"version-history":[{"count":0,"href":"https:\/\/www.europesays.com\/ee\/wp-json\/wp\/v2\/posts\/209857\/revisions"}],"wp:featuredmedia":[{"embeddable":true,"href":"https:\/\/www.europesays.com\/ee\/wp-json\/wp\/v2\/media\/209858"}],"wp:attachment":[{"href":"https:\/\/www.europesays.com\/ee\/wp-json\/wp\/v2\/media?parent=209857"}],"wp:term":[{"taxonomy":"category","embeddable":true,"href":"https:\/\/www.europesays.com\/ee\/wp-json\/wp\/v2\/categories?post=209857"},{"taxonomy":"post_tag","embeddable":true,"href":"https:\/\/www.europesays.com\/ee\/wp-json\/wp\/v2\/tags?post=209857"}],"curies":[{"name":"wp","href":"https:\/\/api.w.org\/{rel}","templated":true}]}}