{"id":20987,"date":"2025-10-16T13:50:08","date_gmt":"2025-10-16T13:50:08","guid":{"rendered":"https:\/\/www.europesays.com\/ee\/20987\/"},"modified":"2025-10-16T13:50:08","modified_gmt":"2025-10-16T13:50:08","slug":"alibaba-vaitel-hakkavad-tehisarule-tehtud-kulutused-end-juba-ara-tasuma","status":"publish","type":"post","link":"https:\/\/www.europesays.com\/ee\/20987\/","title":{"rendered":"Alibaba v\u00e4itel hakkavad tehisarule tehtud kulutused end juba \u00e4ra tasuma"},"content":{"rendered":"<p class=\"p1\">Alibaba on panustanud suurelt, et tehisintellekti arendamisest tulu teenida, <a rel=\"noopener nofollow\" target=\"_blank\" href=\"http:\/\/www.apple.com\/uk\" data-rel-date-range=\"[]\">kirjutab<\/a> CNBC. Samal ajal on tehnoloogiasektor mures, et ettev\u00f5tted kulutavad tehnoloogiale liiga palju ja tulemusi pole eriti n\u00e4ha. <\/p>\n<p class=\"p1\">Alibaba asepresidendi v\u00e4itel tasuvad aga k\u00fcmnete miljardite eurode suurused kulutused end \u00e4ra. <\/p>\n<p class=\"p1\">Ettev\u00f5te teatas eelmisel kuul, et Alibaba suurendab kulutusi tehisintellektile ja pilvetaristule. Veebruaris lubas ettev\u00f5te kulutada AI-tehnoloogiale j\u00e4rgmise kolme aasta jooksul 380 miljardit j\u00fcaani (45 miljardit eurot).<\/p>\n<p class=\"p1\">Zhang s\u00f5nul on ettev\u00f5te kasutusele v\u00f5tnud mitmesuguseid AI-t\u00f6\u00f6riistu, alates otsingutulemuste isikup\u00e4rastamisest kuni virtuaalsete r\u00f5ivaste proovimise t\u00e4psuse parandamiseni.<\/p>\n<p class=\"p1\">Zhangi v\u00e4itel on t\u00e4nu <a rel=\"noopener nofollow\" target=\"_blank\" href=\"https:\/\/www.delfi.ee\/teema\/96852182\/tehisaru\" tag-id=\"96852182\">tehisarule<\/a> suurenenud ettev\u00f5tte reklaamikulude tootlus 12%, lisades, et nii suur edasiminek on selles valdkonnas haruldane. <\/p>\n<p class=\"p1\">Alibaba eelmise kvartali kogutulu suurenes aasta varasemaga v\u00f5rreldes 10%, ulatudes 16,76 miljardi euroni.<\/p>\n<p>    Kuidas see lugu Sind end tundma pani?<br \/>\n        Saada<br \/>\n           <a href=\"https:\/\/www.delfi.ee\/artikkel\/120410838\/alibaba-vaitel-hakkavad-tehisarule-tehtud-kulutused-end-juba-ara-tasuma\/kommentaarid\" class=\"article-body-bottom__comment article-body-bottom__comment--write button button--primary button--size-auto\" rel=\"nofollow noopener\" target=\"_blank\"><br \/>\n        Kommenteeri<br \/>\n       <\/a> <a href=\"https:\/\/www.delfi.ee\/artikkel\/120410838\/alibaba-vaitel-hakkavad-tehisarule-tehtud-kulutused-end-juba-ara-tasuma\/kommentaarid\" class=\"article-body-bottom__comment article-body-bottom__comment--read button button--size-auto\" rel=\"nofollow noopener\" target=\"_blank\"><br \/>\n        Loe kommentaare  <\/a>  <\/p>\n","protected":false},"excerpt":{"rendered":"Alibaba on panustanud suurelt, et tehisintellekti arendamisest tulu teenida, kirjutab CNBC. Samal ajal on tehnoloogiasektor mures, et ettev\u00f5tted&hellip;\n","protected":false},"author":2,"featured_media":20988,"comment_status":"","ping_status":"","sticky":false,"template":"","format":"standard","meta":{"footnotes":"","_share_on_mastodon":"0"},"categories":[14],"tags":[12118,131,130,37,33,35,34,36,814,373],"class_list":["post-20987","post","type-post","status-publish","format-standard","has-post-thumbnail","category-ari","tag-alibaba","tag-ari","tag-business","tag-ee","tag-eesti","tag-eesti-keel","tag-estonia","tag-estonian","tag-tehisaru","tag-tehisintellekt"],"share_on_mastodon":{"url":"","error":""},"_links":{"self":[{"href":"https:\/\/www.europesays.com\/ee\/wp-json\/wp\/v2\/posts\/20987","targetHints":{"allow":["GET"]}}],"collection":[{"href":"https:\/\/www.europesays.com\/ee\/wp-json\/wp\/v2\/posts"}],"about":[{"href":"https:\/\/www.europesays.com\/ee\/wp-json\/wp\/v2\/types\/post"}],"author":[{"embeddable":true,"href":"https:\/\/www.europesays.com\/ee\/wp-json\/wp\/v2\/users\/2"}],"replies":[{"embeddable":true,"href":"https:\/\/www.europesays.com\/ee\/wp-json\/wp\/v2\/comments?post=20987"}],"version-history":[{"count":0,"href":"https:\/\/www.europesays.com\/ee\/wp-json\/wp\/v2\/posts\/20987\/revisions"}],"wp:featuredmedia":[{"embeddable":true,"href":"https:\/\/www.europesays.com\/ee\/wp-json\/wp\/v2\/media\/20988"}],"wp:attachment":[{"href":"https:\/\/www.europesays.com\/ee\/wp-json\/wp\/v2\/media?parent=20987"}],"wp:term":[{"taxonomy":"category","embeddable":true,"href":"https:\/\/www.europesays.com\/ee\/wp-json\/wp\/v2\/categories?post=20987"},{"taxonomy":"post_tag","embeddable":true,"href":"https:\/\/www.europesays.com\/ee\/wp-json\/wp\/v2\/tags?post=20987"}],"curies":[{"name":"wp","href":"https:\/\/api.w.org\/{rel}","templated":true}]}}