{"id":209929,"date":"2026-06-21T14:42:08","date_gmt":"2026-06-21T14:42:08","guid":{"rendered":"https:\/\/www.europesays.com\/ee\/209929\/"},"modified":"2026-06-21T14:42:08","modified_gmt":"2026-06-21T14:42:08","slug":"ametlik-legendaarne-peatreener-zeljko-obradovic-taasliitus-panathinaikosega","status":"publish","type":"post","link":"https:\/\/www.europesays.com\/ee\/209929\/","title":{"rendered":"AMETLIK | Legendaarne peatreener \u017deljko Obradovic taasliitus Panathinaikosega"},"content":{"rendered":"<p>Panathinaikos l\u00f5petas hiljuti koost\u00f6\u00f6 t\u00fcrklase <a rel=\"noopener nofollow\" target=\"_blank\" href=\"https:\/\/www.delfi.ee\/teema\/84746307\/ergin-ataman\" tag-id=\"84746307\">Ergin Atamaniga<\/a>, kes t\u00fc\u00fcris meeskonda viimased kolm aastat. L\u00f5ppenud hooajal j\u00e4i klubi <a rel=\"noopener nofollow\" target=\"_blank\" href=\"https:\/\/www.delfi.ee\/teema\/56816426\/euroliiga\" tag-id=\"56816426\">Euroliigas<\/a> Final Four\u2019ist v\u00e4lja, Kreeka meistriv\u00f5istlustel kaotati finaalseeria p\u00f5hirivaalile Piraeuse Olympiacosele m\u00e4ngudega 2:3.<\/p>\n<p>P\u00fchap\u00e4eval teatas klubi, et peatreenerina naaseb v\u00f5istkonda 66-aastane Obradovic. Osapooled s\u00f5lmisid kolmeaastase lepingu.<\/p>\n<p>\u201eLugu j\u00e4tkub,\u201c seisis klubi avalduses.<\/p>\n<p>Obradovic juhendas Panathinaikost ka aastatel 1999-2012. Serblase k\u00e4e all v\u00f5itis klubi viis Euroliiga tiitlit, tuli 11 korda Kreeka meistriks ja seitsmel korral kohaliku karikasarja v\u00f5itjaks. Obradovic on peatreenerina v\u00f5itnud Euroliiga rekordilised \u00fcheksa korda.<\/p>\n<p>Viimati juhendas Obradovic Serbia tippklubi Belgradi Partizani, kust ta mullu detsembris p\u00e4rast rasket hooaja algust ning keerulisi suhteid klubi juhtidega lahkus.<\/p>\n<p>Kuidas see lugu Sind end tundma pani? Saada <a href=\"https:\/\/sport.delfi.ee\/a\/120592445\/ametlik-legendaarne-peatreener-zeljko-obradovic-taasliitus-panathinaikosega\/kommentaarid\" class=\"article-body-bottom__comment article-body-bottom__comment--write button button--primary button--size-auto\" rel=\"nofollow noopener\" target=\"_blank\"> Kommenteeri <\/a><a href=\"https:\/\/sport.delfi.ee\/a\/120592445\/ametlik-legendaarne-peatreener-zeljko-obradovic-taasliitus-panathinaikosega\/kommentaarid\" class=\"article-body-bottom__comment article-body-bottom__comment--read button button--size-auto\" rel=\"nofollow noopener\" target=\"_blank\"> Loe kommentaare (4)<\/a><\/p>\n","protected":false},"excerpt":{"rendered":"Panathinaikos l\u00f5petas hiljuti koost\u00f6\u00f6 t\u00fcrklase Ergin Atamaniga, kes t\u00fc\u00fcris meeskonda viimased kolm aastat. L\u00f5ppenud hooajal j\u00e4i klubi Euroliigas&hellip;\n","protected":false},"author":2,"featured_media":209930,"comment_status":"","ping_status":"","sticky":false,"template":"","format":"standard","meta":{"footnotes":"","_share_on_mastodon":"0"},"categories":[18],"tags":[6483,37,33,35,7790,34,36,5263,159,158,4893],"class_list":["post-209929","post","type-post","status-publish","format-standard","has-post-thumbnail","category-sport","tag-ateena-panathinaikos","tag-ee","tag-eesti","tag-eesti-keel","tag-ergin-ataman","tag-estonia","tag-estonian","tag-euroliiga","tag-sport","tag-sports","tag-zeljko-obradovic"],"share_on_mastodon":{"url":"https:\/\/pubeurope.com\/@ee\/116788628444672030","error":""},"_links":{"self":[{"href":"https:\/\/www.europesays.com\/ee\/wp-json\/wp\/v2\/posts\/209929","targetHints":{"allow":["GET"]}}],"collection":[{"href":"https:\/\/www.europesays.com\/ee\/wp-json\/wp\/v2\/posts"}],"about":[{"href":"https:\/\/www.europesays.com\/ee\/wp-json\/wp\/v2\/types\/post"}],"author":[{"embeddable":true,"href":"https:\/\/www.europesays.com\/ee\/wp-json\/wp\/v2\/users\/2"}],"replies":[{"embeddable":true,"href":"https:\/\/www.europesays.com\/ee\/wp-json\/wp\/v2\/comments?post=209929"}],"version-history":[{"count":0,"href":"https:\/\/www.europesays.com\/ee\/wp-json\/wp\/v2\/posts\/209929\/revisions"}],"wp:featuredmedia":[{"embeddable":true,"href":"https:\/\/www.europesays.com\/ee\/wp-json\/wp\/v2\/media\/209930"}],"wp:attachment":[{"href":"https:\/\/www.europesays.com\/ee\/wp-json\/wp\/v2\/media?parent=209929"}],"wp:term":[{"taxonomy":"category","embeddable":true,"href":"https:\/\/www.europesays.com\/ee\/wp-json\/wp\/v2\/categories?post=209929"},{"taxonomy":"post_tag","embeddable":true,"href":"https:\/\/www.europesays.com\/ee\/wp-json\/wp\/v2\/tags?post=209929"}],"curies":[{"name":"wp","href":"https:\/\/api.w.org\/{rel}","templated":true}]}}